{"id":94860,"date":"2021-06-28T10:49:51","date_gmt":"2021-06-28T13:49:51","guid":{"rendered":"https:\/\/eldiariodesanpedro.com.ar\/sitio\/?p=94860"},"modified":"2021-06-28T10:49:55","modified_gmt":"2021-06-28T13:49:55","slug":"un-automovil-termino-dentro-de-una-zanja-y-su-conductor-tenia-245-de-alcohol-en-sangre","status":"publish","type":"post","link":"https:\/\/eldiariodesanpedro.com.ar\/sitio\/un-automovil-termino-dentro-de-una-zanja-y-su-conductor-tenia-245-de-alcohol-en-sangre\/","title":{"rendered":"Un autom\u00f3vil termino dentro de una zanja y su conductor tenia 2,45 de alcohol en sangre"},"content":{"rendered":"<!-- VideographyWP Plugin Message: Automatic video embedding prevented by plugin options. -->\n\n<p>Anoche 21 hs aproximadamente la polic\u00eda en calle Bozzano y Pedro Cabrera, proceden al secuestro de autom\u00f3vil sin patente colocado que era conducido por masculino 38 a\u00f1os en estado de ebriedad, despistando quedando en zona de cuneta, resultando conductor ileso y veh\u00edculo secuestrado por personal municipal, alcoholemia 2,45 alcohol en sangre, falta de documentaci\u00f3n, patente y elementos de seguridad.<\/p>\n\n\n\n<p>Interviene el juzgado de falta local. <\/p>\n","protected":false},"excerpt":{"rendered":"<p>Anoche 21 hs aproximadamente la polic\u00eda en calle Bozzano y Pedro Cabrera, proceden al secuestro de autom\u00f3vil sin patente colocado que era conducido por masculino 38 a\u00f1os en estado de ebriedad, despistando quedando en zona de cuneta, resultando conductor ileso y veh\u00edculo secuestrado por personal municipal, alcoholemia 2,45 alcohol en sangre, falta de documentaci\u00f3n, patente [&hellip;]<\/p>\n","protected":false},"author":4,"featured_media":94861,"comment_status":"open","ping_status":"closed","sticky":false,"template":"","format":"standard","meta":{"om_disable_all_campaigns":false,"_jetpack_memberships_contains_paid_content":false,"footnotes":""},"categories":[50,2,103],"tags":[],"class_list":["post-94860","post","type-post","status-publish","format-standard","has-post-thumbnail","hentry","category-destacadas","category-locales","category-policiales-locales"],"aioseo_notices":[],"gutentor_comment":0,"jetpack_featured_media_url":"https:\/\/eldiariodesanpedro.com.ar\/sitio\/wp-content\/uploads\/2021\/06\/WhatsApp-Image-2021-06-28-at-10.14.43.jpeg","jetpack_shortlink":"https:\/\/wp.me\/p6RhLt-oG0","jetpack_sharing_enabled":true,"_links":{"self":[{"href":"https:\/\/eldiariodesanpedro.com.ar\/sitio\/wp-json\/wp\/v2\/posts\/94860","targetHints":{"allow":["GET"]}}],"collection":[{"href":"https:\/\/eldiariodesanpedro.com.ar\/sitio\/wp-json\/wp\/v2\/posts"}],"about":[{"href":"https:\/\/eldiariodesanpedro.com.ar\/sitio\/wp-json\/wp\/v2\/types\/post"}],"author":[{"embeddable":true,"href":"https:\/\/eldiariodesanpedro.com.ar\/sitio\/wp-json\/wp\/v2\/users\/4"}],"replies":[{"embeddable":true,"href":"https:\/\/eldiariodesanpedro.com.ar\/sitio\/wp-json\/wp\/v2\/comments?post=94860"}],"version-history":[{"count":1,"href":"https:\/\/eldiariodesanpedro.com.ar\/sitio\/wp-json\/wp\/v2\/posts\/94860\/revisions"}],"predecessor-version":[{"id":94862,"href":"https:\/\/eldiariodesanpedro.com.ar\/sitio\/wp-json\/wp\/v2\/posts\/94860\/revisions\/94862"}],"wp:featuredmedia":[{"embeddable":true,"href":"https:\/\/eldiariodesanpedro.com.ar\/sitio\/wp-json\/wp\/v2\/media\/94861"}],"wp:attachment":[{"href":"https:\/\/eldiariodesanpedro.com.ar\/sitio\/wp-json\/wp\/v2\/media?parent=94860"}],"wp:term":[{"taxonomy":"category","embeddable":true,"href":"https:\/\/eldiariodesanpedro.com.ar\/sitio\/wp-json\/wp\/v2\/categories?post=94860"},{"taxonomy":"post_tag","embeddable":true,"href":"https:\/\/eldiariodesanpedro.com.ar\/sitio\/wp-json\/wp\/v2\/tags?post=94860"}],"curies":[{"name":"wp","href":"https:\/\/api.w.org\/{rel}","templated":true}]}}