{"id":94853,"date":"2021-06-28T10:15:49","date_gmt":"2021-06-28T13:15:49","guid":{"rendered":"https:\/\/eldiariodesanpedro.com.ar\/sitio\/?p=94853"},"modified":"2021-06-28T10:15:54","modified_gmt":"2021-06-28T13:15:54","slug":"fallecio-el-bombero-daniel-caro-de-52-anos-de-coronavirus","status":"publish","type":"post","link":"https:\/\/eldiariodesanpedro.com.ar\/sitio\/fallecio-el-bombero-daniel-caro-de-52-anos-de-coronavirus\/","title":{"rendered":"Falleci\u00f3 el Bombero Daniel Caro de 52 a\u00f1os de coronavirus"},"content":{"rendered":"<!-- VideographyWP Plugin Message: Automatic video embedding prevented by plugin options. -->\n\n<p>La Asociaci\u00f3n Bomberos Voluntarios de San Pedro despide con tristeza y reconocimiento al Oficial de Dotaci\u00f3n en reserva Daniel Caro que falleci\u00f3 hoy a los 52 a\u00f1os como consecuencia de los efectos del Covid-19. Destacamos su trayectoria dentro de nuestra instituci\u00f3n como ex Jefe del Destacamento de Gobernador Castro y actual miembro del Consejo Directivo.<br>Adem\u00e1s de manifestar nuestro pesar y dolor por la despedida de nuestro Camarada, se ha tomado la decisi\u00f3n conjunta tanto del Cuerpo Activo como del Consejo Directivo de decretar el luto por 48 hs<br>Enviamos nuestras condolencias a sus familiares y seres queridos con el compromiso de recordar su trayectoria y sus valores para siempre. QEPD.<\/p>\n","protected":false},"excerpt":{"rendered":"<p>La Asociaci\u00f3n Bomberos Voluntarios de San Pedro despide con tristeza y reconocimiento al Oficial de Dotaci\u00f3n en reserva Daniel Caro que falleci\u00f3 hoy a los 52 a\u00f1os como consecuencia de los efectos del Covid-19. Destacamos su trayectoria dentro de nuestra instituci\u00f3n como ex Jefe del Destacamento de Gobernador Castro y actual miembro del Consejo Directivo.Adem\u00e1s [&hellip;]<\/p>\n","protected":false},"author":4,"featured_media":94854,"comment_status":"open","ping_status":"closed","sticky":false,"template":"","format":"standard","meta":{"om_disable_all_campaigns":false,"_jetpack_memberships_contains_paid_content":false,"footnotes":""},"categories":[50,101,2],"tags":[],"class_list":["post-94853","post","type-post","status-publish","format-standard","has-post-thumbnail","hentry","category-destacadas","category-interes-general-locales","category-locales"],"aioseo_notices":[],"gutentor_comment":0,"jetpack_featured_media_url":"https:\/\/eldiariodesanpedro.com.ar\/sitio\/wp-content\/uploads\/2021\/06\/WhatsApp-Image-2021-06-27-at-22.09.45.jpeg","jetpack_shortlink":"https:\/\/wp.me\/p6RhLt-oFT","jetpack_sharing_enabled":true,"_links":{"self":[{"href":"https:\/\/eldiariodesanpedro.com.ar\/sitio\/wp-json\/wp\/v2\/posts\/94853","targetHints":{"allow":["GET"]}}],"collection":[{"href":"https:\/\/eldiariodesanpedro.com.ar\/sitio\/wp-json\/wp\/v2\/posts"}],"about":[{"href":"https:\/\/eldiariodesanpedro.com.ar\/sitio\/wp-json\/wp\/v2\/types\/post"}],"author":[{"embeddable":true,"href":"https:\/\/eldiariodesanpedro.com.ar\/sitio\/wp-json\/wp\/v2\/users\/4"}],"replies":[{"embeddable":true,"href":"https:\/\/eldiariodesanpedro.com.ar\/sitio\/wp-json\/wp\/v2\/comments?post=94853"}],"version-history":[{"count":1,"href":"https:\/\/eldiariodesanpedro.com.ar\/sitio\/wp-json\/wp\/v2\/posts\/94853\/revisions"}],"predecessor-version":[{"id":94855,"href":"https:\/\/eldiariodesanpedro.com.ar\/sitio\/wp-json\/wp\/v2\/posts\/94853\/revisions\/94855"}],"wp:featuredmedia":[{"embeddable":true,"href":"https:\/\/eldiariodesanpedro.com.ar\/sitio\/wp-json\/wp\/v2\/media\/94854"}],"wp:attachment":[{"href":"https:\/\/eldiariodesanpedro.com.ar\/sitio\/wp-json\/wp\/v2\/media?parent=94853"}],"wp:term":[{"taxonomy":"category","embeddable":true,"href":"https:\/\/eldiariodesanpedro.com.ar\/sitio\/wp-json\/wp\/v2\/categories?post=94853"},{"taxonomy":"post_tag","embeddable":true,"href":"https:\/\/eldiariodesanpedro.com.ar\/sitio\/wp-json\/wp\/v2\/tags?post=94853"}],"curies":[{"name":"wp","href":"https:\/\/api.w.org\/{rel}","templated":true}]}}