{"id":94844,"date":"2021-06-27T19:04:19","date_gmt":"2021-06-27T22:04:19","guid":{"rendered":"https:\/\/eldiariodesanpedro.com.ar\/sitio\/?p=94844"},"modified":"2021-06-27T19:04:23","modified_gmt":"2021-06-27T22:04:23","slug":"rio-tala-un-joven-de-16-anos-aprehendido-por-llevar-una-escopeta","status":"publish","type":"post","link":"https:\/\/eldiariodesanpedro.com.ar\/sitio\/rio-tala-un-joven-de-16-anos-aprehendido-por-llevar-una-escopeta\/","title":{"rendered":"R\u00edo Tala: un joven de 16 a\u00f1os aprehendido por llevar una escopeta"},"content":{"rendered":"<!-- VideographyWP Plugin Message: Automatic video embedding prevented by plugin options. -->\n\n<p>Durante horas de la madrugada la polic\u00eda del Destacamento de la vecina localidad de R\u00edo Tala a cargo de Pablo Gomez realiz\u00f3 la aprehensi\u00f3n de un menor que llevaba consigo un arma de fuego en la v\u00eda p\u00fablica.<\/p>\n\n\n\n<p>El joven fue aprehendido esta madrugada de s\u00e1bado en calle Belgrano y Schalibaung donde momentos que los efectivos identificaron a masculino de 16 a\u00f1os descubren entre sus prendas una escopeta recortada calibre 16 , con un cartucho en su almac\u00e9n cargado en condiciones de dispararse. En el lugar tambi\u00e9n se trat\u00f3 de aprehender a dos j\u00f3venes m\u00e1s que lograron darse a la fuga.<\/p>\n\n\n\n<p>El menor fue trasladado al destacamento donde se le secuestr\u00f3 el arma y tras realizar los recaudos legales se le inform\u00f3 a sus progenitores quedando en libertad.<\/p>\n\n\n\n<div class=\"wp-block-image\"><figure class=\"aligncenter size-large\"><img decoding=\"async\" width=\"587\" height=\"963\" data-attachment-id=\"94845\" data-permalink=\"https:\/\/eldiariodesanpedro.com.ar\/sitio\/rio-tala-un-joven-de-16-anos-aprehendido-por-llevar-una-escopeta\/whatsapp-image-2021-06-27-at-11-59-59\/\" data-orig-file=\"https:\/\/eldiariodesanpedro.com.ar\/sitio\/wp-content\/uploads\/2021\/06\/WhatsApp-Image-2021-06-27-at-11.59.59.jpeg\" data-orig-size=\"587,963\" data-comments-opened=\"1\" data-image-meta=\"{&quot;aperture&quot;:&quot;0&quot;,&quot;credit&quot;:&quot;&quot;,&quot;camera&quot;:&quot;&quot;,&quot;caption&quot;:&quot;&quot;,&quot;created_timestamp&quot;:&quot;0&quot;,&quot;copyright&quot;:&quot;&quot;,&quot;focal_length&quot;:&quot;0&quot;,&quot;iso&quot;:&quot;0&quot;,&quot;shutter_speed&quot;:&quot;0&quot;,&quot;title&quot;:&quot;&quot;,&quot;orientation&quot;:&quot;0&quot;}\" data-image-title=\"WhatsApp-Image-2021-06-27-at-11.59.59\" data-image-description=\"\" data-image-caption=\"\" data-large-file=\"https:\/\/eldiariodesanpedro.com.ar\/sitio\/wp-content\/uploads\/2021\/06\/WhatsApp-Image-2021-06-27-at-11.59.59.jpeg\" data-src=\"https:\/\/eldiariodesanpedro.com.ar\/sitio\/wp-content\/uploads\/2021\/06\/WhatsApp-Image-2021-06-27-at-11.59.59.jpeg\" alt=\"\" class=\"wp-image-94845 lazyload\" data-srcset=\"https:\/\/eldiariodesanpedro.com.ar\/sitio\/wp-content\/uploads\/2021\/06\/WhatsApp-Image-2021-06-27-at-11.59.59.jpeg 587w, https:\/\/eldiariodesanpedro.com.ar\/sitio\/wp-content\/uploads\/2021\/06\/WhatsApp-Image-2021-06-27-at-11.59.59-183x300.jpeg 183w\" data-sizes=\"(max-width: 587px) 100vw, 587px\" src=\"data:image\/svg+xml;base64,PHN2ZyB3aWR0aD0iMSIgaGVpZ2h0PSIxIiB4bWxucz0iaHR0cDovL3d3dy53My5vcmcvMjAwMC9zdmciPjwvc3ZnPg==\" style=\"--smush-placeholder-width: 587px; --smush-placeholder-aspect-ratio: 587\/963;\" \/><\/figure><\/div>\n","protected":false},"excerpt":{"rendered":"<p>Durante horas de la madrugada la polic\u00eda del Destacamento de la vecina localidad de R\u00edo Tala a cargo de Pablo Gomez realiz\u00f3 la aprehensi\u00f3n de un menor que llevaba consigo un arma de fuego en la v\u00eda p\u00fablica. El joven fue aprehendido esta madrugada de s\u00e1bado en calle Belgrano y Schalibaung donde momentos que los [&hellip;]<\/p>\n","protected":false},"author":4,"featured_media":94846,"comment_status":"open","ping_status":"closed","sticky":false,"template":"","format":"standard","meta":{"om_disable_all_campaigns":false,"_jetpack_memberships_contains_paid_content":false,"footnotes":""},"categories":[2,103],"tags":[],"class_list":["post-94844","post","type-post","status-publish","format-standard","has-post-thumbnail","hentry","category-locales","category-policiales-locales"],"aioseo_notices":[],"gutentor_comment":0,"jetpack_featured_media_url":"https:\/\/eldiariodesanpedro.com.ar\/sitio\/wp-content\/uploads\/2021\/06\/Sin-titulo-2-2.jpg","jetpack_shortlink":"https:\/\/wp.me\/p6RhLt-oFK","jetpack_sharing_enabled":true,"_links":{"self":[{"href":"https:\/\/eldiariodesanpedro.com.ar\/sitio\/wp-json\/wp\/v2\/posts\/94844","targetHints":{"allow":["GET"]}}],"collection":[{"href":"https:\/\/eldiariodesanpedro.com.ar\/sitio\/wp-json\/wp\/v2\/posts"}],"about":[{"href":"https:\/\/eldiariodesanpedro.com.ar\/sitio\/wp-json\/wp\/v2\/types\/post"}],"author":[{"embeddable":true,"href":"https:\/\/eldiariodesanpedro.com.ar\/sitio\/wp-json\/wp\/v2\/users\/4"}],"replies":[{"embeddable":true,"href":"https:\/\/eldiariodesanpedro.com.ar\/sitio\/wp-json\/wp\/v2\/comments?post=94844"}],"version-history":[{"count":1,"href":"https:\/\/eldiariodesanpedro.com.ar\/sitio\/wp-json\/wp\/v2\/posts\/94844\/revisions"}],"predecessor-version":[{"id":94847,"href":"https:\/\/eldiariodesanpedro.com.ar\/sitio\/wp-json\/wp\/v2\/posts\/94844\/revisions\/94847"}],"wp:featuredmedia":[{"embeddable":true,"href":"https:\/\/eldiariodesanpedro.com.ar\/sitio\/wp-json\/wp\/v2\/media\/94846"}],"wp:attachment":[{"href":"https:\/\/eldiariodesanpedro.com.ar\/sitio\/wp-json\/wp\/v2\/media?parent=94844"}],"wp:term":[{"taxonomy":"category","embeddable":true,"href":"https:\/\/eldiariodesanpedro.com.ar\/sitio\/wp-json\/wp\/v2\/categories?post=94844"},{"taxonomy":"post_tag","embeddable":true,"href":"https:\/\/eldiariodesanpedro.com.ar\/sitio\/wp-json\/wp\/v2\/tags?post=94844"}],"curies":[{"name":"wp","href":"https:\/\/api.w.org\/{rel}","templated":true}]}}