{"id":94842,"date":"2021-06-27T18:51:16","date_gmt":"2021-06-27T21:51:16","guid":{"rendered":"https:\/\/eldiariodesanpedro.com.ar\/sitio\/?p=94842"},"modified":"2021-06-27T18:51:20","modified_gmt":"2021-06-27T21:51:20","slug":"coronavirus-este-domingo-se-recibieron-9-casos-positivos-y-45-negativos-los-activos-son-111","status":"publish","type":"post","link":"https:\/\/eldiariodesanpedro.com.ar\/sitio\/coronavirus-este-domingo-se-recibieron-9-casos-positivos-y-45-negativos-los-activos-son-111\/","title":{"rendered":"Coronavirus: Este domingo se recibieron 9 casos positivos y 45 negativos, los activos son 111"},"content":{"rendered":"<!-- VideographyWP Plugin Message: Automatic video embedding prevented by plugin options. -->\n\n<p>La Secretar\u00eda de Salud de la Municipalidad de San Pedro brinda el informe que acompa\u00f1a la placa del d\u00eda de la fecha, en el seguimiento de la Pandemia de Covid-19.<\/p>\n\n\n\n<p>Se recibieron del Laboratorio Central Lab los resultados de los \u00faltimos env\u00edos de muestras con 4 positivos, y se confirmaron 5 casos positivos, a trav\u00e9s de los testeos r\u00e1pidos que se realizan en el Laboratorio del Hospital, totalizando 9 nuevos casos positivos.<\/p>\n\n\n\n<p>Sobre el resto de las muestras recibidas, el Laboratorio Central Lab inform\u00f3 44 resultados negativos. Desde el Laboratorio del Hospital, se inform\u00f3 1 testeo r\u00e1pido negativo que totaliza 45 resultados negativos.<\/p>\n\n\n\n<p>Los positivos est\u00e1n divididos en:<\/p>\n\n\n\n<ul class=\"wp-block-list\"><li>Central Lab: Mujeres de 22 y 26 a\u00f1os; y hombres de 30 y 49 a\u00f1os.<\/li><li>Laboratorio del Hospital: Mujeres de 25, 38 y 51; y hombres de 46 y 64 a\u00f1os.<\/li><li>Se incorporan a la estad\u00edstica oficial 32 altas.<\/li><\/ul>\n\n\n\n<p>Resumen actualizado de informaci\u00f3n oficial<\/p>\n\n\n\n<p>Positivos desde el inicio de la Pandemia: 5000<br>Activos: 111<br>Recuperados: 4687<br>Fallecidos: 202<br>Negativos desde el inicio de la Pandemia: 7321<\/p>\n\n\n\n<p>Los datos consignados en este informe corresponden a casos analizados a trav\u00e9s hisopados realizados en los \u00abconsultorios amarillos\u00bb analizados por el Laboratorio Central Lab y testeos r\u00e1pidos efectuados en el Laboratorio del Hospital.<\/p>\n\n\n\n<p>&#x1f449; Usar tapabocas.<br>&#x1f449; Mantener la distancia m\u00ednima de 2 metros.<br>&#x1f449; Extremar la higiene de los espacios.<br>&#x1f449; Mantener las manos limpias.<\/p>\n\n\n\n<p>Se recuerda que, ante s\u00edntomas de tos seca, fiebre y dolor de garganta se puede llamar al 148 o 107<\/p>\n","protected":false},"excerpt":{"rendered":"<p>La Secretar\u00eda de Salud de la Municipalidad de San Pedro brinda el informe que acompa\u00f1a la placa del d\u00eda de la fecha, en el seguimiento de la Pandemia de Covid-19. Se recibieron del Laboratorio Central Lab los resultados de los \u00faltimos env\u00edos de muestras con 4 positivos, y se confirmaron 5 casos positivos, a trav\u00e9s [&hellip;]<\/p>\n","protected":false},"author":4,"featured_media":78783,"comment_status":"open","ping_status":"closed","sticky":false,"template":"","format":"standard","meta":{"om_disable_all_campaigns":false,"_jetpack_memberships_contains_paid_content":false,"footnotes":""},"categories":[50,101,2],"tags":[],"class_list":["post-94842","post","type-post","status-publish","format-standard","has-post-thumbnail","hentry","category-destacadas","category-interes-general-locales","category-locales"],"aioseo_notices":[],"gutentor_comment":0,"jetpack_featured_media_url":"https:\/\/eldiariodesanpedro.com.ar\/sitio\/wp-content\/uploads\/2020\/08\/coronavirus-positivo-2.jpg","jetpack_shortlink":"https:\/\/wp.me\/p6RhLt-oFI","jetpack_sharing_enabled":true,"_links":{"self":[{"href":"https:\/\/eldiariodesanpedro.com.ar\/sitio\/wp-json\/wp\/v2\/posts\/94842","targetHints":{"allow":["GET"]}}],"collection":[{"href":"https:\/\/eldiariodesanpedro.com.ar\/sitio\/wp-json\/wp\/v2\/posts"}],"about":[{"href":"https:\/\/eldiariodesanpedro.com.ar\/sitio\/wp-json\/wp\/v2\/types\/post"}],"author":[{"embeddable":true,"href":"https:\/\/eldiariodesanpedro.com.ar\/sitio\/wp-json\/wp\/v2\/users\/4"}],"replies":[{"embeddable":true,"href":"https:\/\/eldiariodesanpedro.com.ar\/sitio\/wp-json\/wp\/v2\/comments?post=94842"}],"version-history":[{"count":1,"href":"https:\/\/eldiariodesanpedro.com.ar\/sitio\/wp-json\/wp\/v2\/posts\/94842\/revisions"}],"predecessor-version":[{"id":94843,"href":"https:\/\/eldiariodesanpedro.com.ar\/sitio\/wp-json\/wp\/v2\/posts\/94842\/revisions\/94843"}],"wp:featuredmedia":[{"embeddable":true,"href":"https:\/\/eldiariodesanpedro.com.ar\/sitio\/wp-json\/wp\/v2\/media\/78783"}],"wp:attachment":[{"href":"https:\/\/eldiariodesanpedro.com.ar\/sitio\/wp-json\/wp\/v2\/media?parent=94842"}],"wp:term":[{"taxonomy":"category","embeddable":true,"href":"https:\/\/eldiariodesanpedro.com.ar\/sitio\/wp-json\/wp\/v2\/categories?post=94842"},{"taxonomy":"post_tag","embeddable":true,"href":"https:\/\/eldiariodesanpedro.com.ar\/sitio\/wp-json\/wp\/v2\/tags?post=94842"}],"curies":[{"name":"wp","href":"https:\/\/api.w.org\/{rel}","templated":true}]}}