{"id":94837,"date":"2021-06-27T18:35:03","date_gmt":"2021-06-27T21:35:03","guid":{"rendered":"https:\/\/eldiariodesanpedro.com.ar\/sitio\/?p=94837"},"modified":"2021-06-27T18:35:08","modified_gmt":"2021-06-27T21:35:08","slug":"el-ministro-gollan-se-comprometio-a-colaborar-ante-la-crisis-de-la-clinica-san-pedro","status":"publish","type":"post","link":"https:\/\/eldiariodesanpedro.com.ar\/sitio\/el-ministro-gollan-se-comprometio-a-colaborar-ante-la-crisis-de-la-clinica-san-pedro\/","title":{"rendered":"El ministro Goll\u00e1n se comprometi\u00f3 a colaborar ante la crisis de la cl\u00ednica San Pedro"},"content":{"rendered":"<!-- VideographyWP Plugin Message: Automatic video embedding prevented by plugin options. -->\n\n<p>Los trabajadores del establecimiento privado lograron dialogar con el ministro quien adem\u00e1s tom\u00f3 nota de otras solicitudes puntuales.\u00a0<\/p>\n\n\n\n<p>Ante la visita del ministro Daniel Goll\u00e1n a San Pedro los trabajadores de la cl\u00ednica privada San Pedro aprovecharon para acercarse al funcionario y plantearles la cr\u00edtica situaci\u00f3n por la que atraviesa el establecimiento.\u00a0<\/p>\n\n\n\n<p>El funcionario comprometi\u00f3 la colaboraci\u00f3n del Ministerio de Salud de la Provincia en la b\u00fasqueda de alternativas similares a las que permitieron el salvataje de cl\u00ednicas privadas en situaci\u00f3n de crisis, respondiendo a consultas sobre la actualidad de la Cl\u00ednica San Pedro que podr\u00eda encuadrarse en un plan que involucre al PAMI y a la Obra Social de la Provincia de Buenos Aires, IOMA.<\/p>\n\n\n\n<p>Por otra parte\u00a0tom\u00f3 nota de solicitudes puntuales que le efectuaron las autoridades locales para la ampliaci\u00f3n del laboratorio del Hospital \u00abEmilio Ruffa\u00bb, el env\u00edo de m\u00e1s camas e infraestructura para la Terapia Intensiva y elementos para los hospitales de las localidades, entre otros puntos a tener en cuenta.<\/p>\n\n\n\n<p>Fuente: <a href=\"https:\/\/www.sanpedroinforma.com.ar\/nota\/124272\/sociedad\/el-ministro-gollan-se-comprometio-a-colaborar-ante-la-crisis-de-la-clinica-san-pedro.html\">San Pedro informa<\/a><\/p>\n","protected":false},"excerpt":{"rendered":"<p>Los trabajadores del establecimiento privado lograron dialogar con el ministro quien adem\u00e1s tom\u00f3 nota de otras solicitudes puntuales.\u00a0 Ante la visita del ministro Daniel Goll\u00e1n a San Pedro los trabajadores de la cl\u00ednica privada San Pedro aprovecharon para acercarse al funcionario y plantearles la cr\u00edtica situaci\u00f3n por la que atraviesa el establecimiento.\u00a0 El funcionario comprometi\u00f3 [&hellip;]<\/p>\n","protected":false},"author":4,"featured_media":94838,"comment_status":"open","ping_status":"closed","sticky":false,"template":"","format":"standard","meta":{"om_disable_all_campaigns":false,"_jetpack_memberships_contains_paid_content":false,"footnotes":""},"categories":[101,2],"tags":[],"class_list":["post-94837","post","type-post","status-publish","format-standard","has-post-thumbnail","hentry","category-interes-general-locales","category-locales"],"aioseo_notices":[],"gutentor_comment":0,"jetpack_featured_media_url":"https:\/\/eldiariodesanpedro.com.ar\/sitio\/wp-content\/uploads\/2021\/06\/000092162.jpg","jetpack_shortlink":"https:\/\/wp.me\/p6RhLt-oFD","jetpack_sharing_enabled":true,"_links":{"self":[{"href":"https:\/\/eldiariodesanpedro.com.ar\/sitio\/wp-json\/wp\/v2\/posts\/94837","targetHints":{"allow":["GET"]}}],"collection":[{"href":"https:\/\/eldiariodesanpedro.com.ar\/sitio\/wp-json\/wp\/v2\/posts"}],"about":[{"href":"https:\/\/eldiariodesanpedro.com.ar\/sitio\/wp-json\/wp\/v2\/types\/post"}],"author":[{"embeddable":true,"href":"https:\/\/eldiariodesanpedro.com.ar\/sitio\/wp-json\/wp\/v2\/users\/4"}],"replies":[{"embeddable":true,"href":"https:\/\/eldiariodesanpedro.com.ar\/sitio\/wp-json\/wp\/v2\/comments?post=94837"}],"version-history":[{"count":1,"href":"https:\/\/eldiariodesanpedro.com.ar\/sitio\/wp-json\/wp\/v2\/posts\/94837\/revisions"}],"predecessor-version":[{"id":94839,"href":"https:\/\/eldiariodesanpedro.com.ar\/sitio\/wp-json\/wp\/v2\/posts\/94837\/revisions\/94839"}],"wp:featuredmedia":[{"embeddable":true,"href":"https:\/\/eldiariodesanpedro.com.ar\/sitio\/wp-json\/wp\/v2\/media\/94838"}],"wp:attachment":[{"href":"https:\/\/eldiariodesanpedro.com.ar\/sitio\/wp-json\/wp\/v2\/media?parent=94837"}],"wp:term":[{"taxonomy":"category","embeddable":true,"href":"https:\/\/eldiariodesanpedro.com.ar\/sitio\/wp-json\/wp\/v2\/categories?post=94837"},{"taxonomy":"post_tag","embeddable":true,"href":"https:\/\/eldiariodesanpedro.com.ar\/sitio\/wp-json\/wp\/v2\/tags?post=94837"}],"curies":[{"name":"wp","href":"https:\/\/api.w.org\/{rel}","templated":true}]}}