{"id":94828,"date":"2021-06-26T17:01:15","date_gmt":"2021-06-26T20:01:15","guid":{"rendered":"https:\/\/eldiariodesanpedro.com.ar\/sitio\/?p=94828"},"modified":"2021-06-26T17:01:20","modified_gmt":"2021-06-26T20:01:20","slug":"allanamientos-en-tala-por-un-caso-de-abigeato-con-tres-aprehendidos-secuestro-de-carne-y-un-arma-de-fuego","status":"publish","type":"post","link":"https:\/\/eldiariodesanpedro.com.ar\/sitio\/allanamientos-en-tala-por-un-caso-de-abigeato-con-tres-aprehendidos-secuestro-de-carne-y-un-arma-de-fuego\/","title":{"rendered":"Allanamientos en Tala por un caso de abigeato con tres aprehendidos, secuestro de carne y un arma de fuego"},"content":{"rendered":"<!-- VideographyWP Plugin Message: Automatic video embedding prevented by plugin options. -->\n\n<p>Este s\u00e1bado en horas de la madrugada se realiz\u00f3 una allanamiento por una causa de abigeato y se logr\u00f3 recuperar parte de carne faenada, adem\u00e1s de armas de fuego.<\/p>\n\n\n\n<p>En el marco de actuaciones de car\u00e1tulas \u201cabigeato agravado\u201d denunciado el pasado d\u00eda jueves en la sede del Destacamento de R\u00edo Tala donde tom\u00f3 intervenci\u00f3n de la UFI N\u00ba 7 de San Pedro, se solicit\u00f3 diligencia tras la investigaci\u00f3n a cargo del Oficial Principal Pablo G\u00f3mez, jefe del destacamento local.&nbsp;<\/p>\n\n\n\n<p>En el d\u00eda de ayer viernes se llevaron a cabo \u00f3rdenes de allanamientos ordenados por el Juzgado de Garant\u00edas Nro. 3 del Destacamento Judicial de San Nicol\u00e1s, donde tras&nbsp; operativo montado con colaboraci\u00f3n de personal del destacamento de La Tosquera, CPR San Pedro, EPC San Pedro, en forma simult\u00e1nea se allanaron tres viviendas de esa localidad arrojando como resultados todos positivos.&nbsp;<\/p>\n\n\n\n<p>Se procedi\u00f3 al secuestro en las tres viviendas de cortes c\u00e1rnicos irregulares,\u00a0 tel\u00e9fonos celulares, elementos de faena y en una de ellas\u00a0 una escopeta de un ca\u00f1o calibre 16, adem\u00e1s tambi\u00e9n se pone a disposici\u00f3n de la justicia una mujer y un hombre mayores de edad los cuales quedaron imputados por el delito de \u201cabigeato agravado\u201d, mientras que un tercer ciudadano de 24 a\u00f1os qued\u00f3 aprehendido y trasladado a sede Comisar\u00eda San Pedro, quedando imputado por el delito de \u201cabigeato agravado y tenencia ilegal de arma de fuego\u201d.<\/p>\n\n\n\n<figure class=\"wp-block-image size-large\"><img decoding=\"async\" width=\"749\" height=\"939\" data-attachment-id=\"94833\" data-permalink=\"https:\/\/eldiariodesanpedro.com.ar\/sitio\/img-20210626-wa0066\/\" data-orig-file=\"https:\/\/eldiariodesanpedro.com.ar\/sitio\/wp-content\/uploads\/2021\/06\/IMG-20210626-WA0066.jpg\" data-orig-size=\"749,939\" data-comments-opened=\"1\" data-image-meta=\"{&quot;aperture&quot;:&quot;0&quot;,&quot;credit&quot;:&quot;&quot;,&quot;camera&quot;:&quot;&quot;,&quot;caption&quot;:&quot;&quot;,&quot;created_timestamp&quot;:&quot;0&quot;,&quot;copyright&quot;:&quot;&quot;,&quot;focal_length&quot;:&quot;0&quot;,&quot;iso&quot;:&quot;0&quot;,&quot;shutter_speed&quot;:&quot;0&quot;,&quot;title&quot;:&quot;&quot;,&quot;orientation&quot;:&quot;0&quot;}\" data-image-title=\"IMG-20210626-WA0066\" data-image-description=\"\" data-image-caption=\"\" data-large-file=\"https:\/\/eldiariodesanpedro.com.ar\/sitio\/wp-content\/uploads\/2021\/06\/IMG-20210626-WA0066.jpg\" data-src=\"https:\/\/eldiariodesanpedro.com.ar\/sitio\/wp-content\/uploads\/2021\/06\/IMG-20210626-WA0066.jpg\" alt=\"\" class=\"wp-image-94833 lazyload\" data-srcset=\"https:\/\/eldiariodesanpedro.com.ar\/sitio\/wp-content\/uploads\/2021\/06\/IMG-20210626-WA0066.jpg 749w, https:\/\/eldiariodesanpedro.com.ar\/sitio\/wp-content\/uploads\/2021\/06\/IMG-20210626-WA0066-239x300.jpg 239w\" data-sizes=\"(max-width: 749px) 100vw, 749px\" src=\"data:image\/svg+xml;base64,PHN2ZyB3aWR0aD0iMSIgaGVpZ2h0PSIxIiB4bWxucz0iaHR0cDovL3d3dy53My5vcmcvMjAwMC9zdmciPjwvc3ZnPg==\" style=\"--smush-placeholder-width: 749px; --smush-placeholder-aspect-ratio: 749\/939;\" \/><\/figure>\n\n\n\n<figure class=\"wp-block-image size-large\"><img decoding=\"async\" width=\"720\" height=\"513\" data-attachment-id=\"94831\" data-permalink=\"https:\/\/eldiariodesanpedro.com.ar\/sitio\/img-20210626-wa0065\/\" data-orig-file=\"https:\/\/eldiariodesanpedro.com.ar\/sitio\/wp-content\/uploads\/2021\/06\/IMG-20210626-WA0065.jpg\" data-orig-size=\"720,513\" data-comments-opened=\"1\" data-image-meta=\"{&quot;aperture&quot;:&quot;0&quot;,&quot;credit&quot;:&quot;&quot;,&quot;camera&quot;:&quot;&quot;,&quot;caption&quot;:&quot;&quot;,&quot;created_timestamp&quot;:&quot;0&quot;,&quot;copyright&quot;:&quot;&quot;,&quot;focal_length&quot;:&quot;0&quot;,&quot;iso&quot;:&quot;0&quot;,&quot;shutter_speed&quot;:&quot;0&quot;,&quot;title&quot;:&quot;&quot;,&quot;orientation&quot;:&quot;0&quot;}\" data-image-title=\"IMG-20210626-WA0065\" data-image-description=\"\" data-image-caption=\"\" data-large-file=\"https:\/\/eldiariodesanpedro.com.ar\/sitio\/wp-content\/uploads\/2021\/06\/IMG-20210626-WA0065.jpg\" data-src=\"https:\/\/eldiariodesanpedro.com.ar\/sitio\/wp-content\/uploads\/2021\/06\/IMG-20210626-WA0065.jpg\" alt=\"\" class=\"wp-image-94831 lazyload\" data-srcset=\"https:\/\/eldiariodesanpedro.com.ar\/sitio\/wp-content\/uploads\/2021\/06\/IMG-20210626-WA0065.jpg 720w, https:\/\/eldiariodesanpedro.com.ar\/sitio\/wp-content\/uploads\/2021\/06\/IMG-20210626-WA0065-300x214.jpg 300w\" data-sizes=\"(max-width: 720px) 100vw, 720px\" src=\"data:image\/svg+xml;base64,PHN2ZyB3aWR0aD0iMSIgaGVpZ2h0PSIxIiB4bWxucz0iaHR0cDovL3d3dy53My5vcmcvMjAwMC9zdmciPjwvc3ZnPg==\" style=\"--smush-placeholder-width: 720px; --smush-placeholder-aspect-ratio: 720\/513;\" \/><\/figure>\n\n\n\n<figure class=\"wp-block-image size-large\"><img decoding=\"async\" width=\"670\" height=\"1006\" data-attachment-id=\"94834\" data-permalink=\"https:\/\/eldiariodesanpedro.com.ar\/sitio\/img-20210626-wa0072\/\" data-orig-file=\"https:\/\/eldiariodesanpedro.com.ar\/sitio\/wp-content\/uploads\/2021\/06\/IMG-20210626-WA0072.jpg\" data-orig-size=\"670,1006\" data-comments-opened=\"1\" data-image-meta=\"{&quot;aperture&quot;:&quot;0&quot;,&quot;credit&quot;:&quot;&quot;,&quot;camera&quot;:&quot;&quot;,&quot;caption&quot;:&quot;&quot;,&quot;created_timestamp&quot;:&quot;0&quot;,&quot;copyright&quot;:&quot;&quot;,&quot;focal_length&quot;:&quot;0&quot;,&quot;iso&quot;:&quot;0&quot;,&quot;shutter_speed&quot;:&quot;0&quot;,&quot;title&quot;:&quot;&quot;,&quot;orientation&quot;:&quot;0&quot;}\" data-image-title=\"IMG-20210626-WA0072\" data-image-description=\"\" data-image-caption=\"\" data-large-file=\"https:\/\/eldiariodesanpedro.com.ar\/sitio\/wp-content\/uploads\/2021\/06\/IMG-20210626-WA0072.jpg\" data-src=\"https:\/\/eldiariodesanpedro.com.ar\/sitio\/wp-content\/uploads\/2021\/06\/IMG-20210626-WA0072.jpg\" alt=\"\" class=\"wp-image-94834 lazyload\" data-srcset=\"https:\/\/eldiariodesanpedro.com.ar\/sitio\/wp-content\/uploads\/2021\/06\/IMG-20210626-WA0072.jpg 670w, https:\/\/eldiariodesanpedro.com.ar\/sitio\/wp-content\/uploads\/2021\/06\/IMG-20210626-WA0072-200x300.jpg 200w\" data-sizes=\"(max-width: 670px) 100vw, 670px\" src=\"data:image\/svg+xml;base64,PHN2ZyB3aWR0aD0iMSIgaGVpZ2h0PSIxIiB4bWxucz0iaHR0cDovL3d3dy53My5vcmcvMjAwMC9zdmciPjwvc3ZnPg==\" style=\"--smush-placeholder-width: 670px; --smush-placeholder-aspect-ratio: 670\/1006;\" \/><\/figure>\n","protected":false},"excerpt":{"rendered":"<p>Este s\u00e1bado en horas de la madrugada se realiz\u00f3 una allanamiento por una causa de abigeato y se logr\u00f3 recuperar parte de carne faenada, adem\u00e1s de armas de fuego. En el marco de actuaciones de car\u00e1tulas \u201cabigeato agravado\u201d denunciado el pasado d\u00eda jueves en la sede del Destacamento de R\u00edo Tala donde tom\u00f3 intervenci\u00f3n de [&hellip;]<\/p>\n","protected":false},"author":4,"featured_media":94830,"comment_status":"open","ping_status":"closed","sticky":false,"template":"","format":"standard","meta":{"om_disable_all_campaigns":false,"_jetpack_memberships_contains_paid_content":false,"footnotes":""},"categories":[50,2,103],"tags":[],"class_list":["post-94828","post","type-post","status-publish","format-standard","has-post-thumbnail","hentry","category-destacadas","category-locales","category-policiales-locales"],"aioseo_notices":[],"gutentor_comment":0,"jetpack_featured_media_url":"https:\/\/eldiariodesanpedro.com.ar\/sitio\/wp-content\/uploads\/2021\/06\/FB_IMG_1624714810403.jpg","jetpack_shortlink":"https:\/\/wp.me\/p6RhLt-oFu","jetpack_sharing_enabled":true,"_links":{"self":[{"href":"https:\/\/eldiariodesanpedro.com.ar\/sitio\/wp-json\/wp\/v2\/posts\/94828","targetHints":{"allow":["GET"]}}],"collection":[{"href":"https:\/\/eldiariodesanpedro.com.ar\/sitio\/wp-json\/wp\/v2\/posts"}],"about":[{"href":"https:\/\/eldiariodesanpedro.com.ar\/sitio\/wp-json\/wp\/v2\/types\/post"}],"author":[{"embeddable":true,"href":"https:\/\/eldiariodesanpedro.com.ar\/sitio\/wp-json\/wp\/v2\/users\/4"}],"replies":[{"embeddable":true,"href":"https:\/\/eldiariodesanpedro.com.ar\/sitio\/wp-json\/wp\/v2\/comments?post=94828"}],"version-history":[{"count":1,"href":"https:\/\/eldiariodesanpedro.com.ar\/sitio\/wp-json\/wp\/v2\/posts\/94828\/revisions"}],"predecessor-version":[{"id":94835,"href":"https:\/\/eldiariodesanpedro.com.ar\/sitio\/wp-json\/wp\/v2\/posts\/94828\/revisions\/94835"}],"wp:featuredmedia":[{"embeddable":true,"href":"https:\/\/eldiariodesanpedro.com.ar\/sitio\/wp-json\/wp\/v2\/media\/94830"}],"wp:attachment":[{"href":"https:\/\/eldiariodesanpedro.com.ar\/sitio\/wp-json\/wp\/v2\/media?parent=94828"}],"wp:term":[{"taxonomy":"category","embeddable":true,"href":"https:\/\/eldiariodesanpedro.com.ar\/sitio\/wp-json\/wp\/v2\/categories?post=94828"},{"taxonomy":"post_tag","embeddable":true,"href":"https:\/\/eldiariodesanpedro.com.ar\/sitio\/wp-json\/wp\/v2\/tags?post=94828"}],"curies":[{"name":"wp","href":"https:\/\/api.w.org\/{rel}","templated":true}]}}