{"id":94807,"date":"2021-06-26T11:36:37","date_gmt":"2021-06-26T14:36:37","guid":{"rendered":"https:\/\/eldiariodesanpedro.com.ar\/sitio\/?p=94807"},"modified":"2021-06-26T11:36:41","modified_gmt":"2021-06-26T14:36:41","slug":"kevin-espindola-va-por-el-titulo-nacional-segui-la-pelea-por-fm-genesis","status":"publish","type":"post","link":"https:\/\/eldiariodesanpedro.com.ar\/sitio\/kevin-espindola-va-por-el-titulo-nacional-segui-la-pelea-por-fm-genesis\/","title":{"rendered":"Kevin Esp\u00edndola va por el t\u00edtulo nacional, segu\u00ed la pelea por FM G\u00e9nesis"},"content":{"rendered":"<!-- VideographyWP Plugin Message: Automatic video embedding prevented by plugin options. -->\n\n<p>El pesado sampedrino combatir\u00e1 el s\u00e1bado en Oncativo, C\u00f3rdoba por el t\u00edtulo argentino de la categor\u00eda. FM G\u00e9nesis estar\u00e1 presente desde las 17.30 hs. en directo a trav\u00e9s de El Cl\u00e1sico Deportes y el relato de H\u00e9ctor Albano y comentarios de Jorge P\u00e9rez.<\/p>\n\n\n\n<p>El pugilista sampedrino Kevin Esp\u00edndola buscar\u00e1 ingresar en la historia del boxeo nacional en la tarde del s\u00e1bado cuando combata por el campeonato argentino de la categor\u00eda pesados ante &nbsp;el bonaerense Leandro Robutti.<\/p>\n\n\n\n<p>El combate, promocionado por Arano Box, se llevar\u00e1 a cabo en el lujoso Hotel Nono Luigi, de la ciudad de Oncativo, provincia de C\u00f3rdoba, y ser\u00e1 parte de un atractivo programa que incluye interesantes peleas.<\/p>\n\n\n\n<p>Adem\u00e1s, la hist\u00f3rica jornada, ser\u00e1 televisada y a la vez, los samp\u00e9drinos podr\u00e1n seguir las alternativas del combate a trav\u00e9s del aire de FM G\u00e9nesis 106.7 y El Cl\u00e1sico Deportes con el relato de H\u00e9ctor Albano y comentarios de Jorge P\u00e9rez desde las 17.30 horas.<\/p>\n\n\n\n<p>Fuente: <a href=\"https:\/\/www.sanpedroinforma.com.ar\/nota\/124268\/deportes\/kevin-espindola-va-por-el-titulo-nacional-segui-la-pelea-por-fm-genesis.html\">Fm Genesis<\/a><\/p>\n","protected":false},"excerpt":{"rendered":"<p>El pesado sampedrino combatir\u00e1 el s\u00e1bado en Oncativo, C\u00f3rdoba por el t\u00edtulo argentino de la categor\u00eda. FM G\u00e9nesis estar\u00e1 presente desde las 17.30 hs. en directo a trav\u00e9s de El Cl\u00e1sico Deportes y el relato de H\u00e9ctor Albano y comentarios de Jorge P\u00e9rez. El pugilista sampedrino Kevin Esp\u00edndola buscar\u00e1 ingresar en la historia del boxeo [&hellip;]<\/p>\n","protected":false},"author":4,"featured_media":94808,"comment_status":"open","ping_status":"closed","sticky":false,"template":"","format":"standard","meta":{"om_disable_all_campaigns":false,"_jetpack_memberships_contains_paid_content":false,"footnotes":""},"categories":[101,2],"tags":[],"class_list":["post-94807","post","type-post","status-publish","format-standard","has-post-thumbnail","hentry","category-interes-general-locales","category-locales"],"aioseo_notices":[],"gutentor_comment":0,"jetpack_featured_media_url":"https:\/\/eldiariodesanpedro.com.ar\/sitio\/wp-content\/uploads\/2021\/06\/000092130.jpg","jetpack_shortlink":"https:\/\/wp.me\/p6RhLt-oF9","jetpack_sharing_enabled":true,"_links":{"self":[{"href":"https:\/\/eldiariodesanpedro.com.ar\/sitio\/wp-json\/wp\/v2\/posts\/94807","targetHints":{"allow":["GET"]}}],"collection":[{"href":"https:\/\/eldiariodesanpedro.com.ar\/sitio\/wp-json\/wp\/v2\/posts"}],"about":[{"href":"https:\/\/eldiariodesanpedro.com.ar\/sitio\/wp-json\/wp\/v2\/types\/post"}],"author":[{"embeddable":true,"href":"https:\/\/eldiariodesanpedro.com.ar\/sitio\/wp-json\/wp\/v2\/users\/4"}],"replies":[{"embeddable":true,"href":"https:\/\/eldiariodesanpedro.com.ar\/sitio\/wp-json\/wp\/v2\/comments?post=94807"}],"version-history":[{"count":1,"href":"https:\/\/eldiariodesanpedro.com.ar\/sitio\/wp-json\/wp\/v2\/posts\/94807\/revisions"}],"predecessor-version":[{"id":94809,"href":"https:\/\/eldiariodesanpedro.com.ar\/sitio\/wp-json\/wp\/v2\/posts\/94807\/revisions\/94809"}],"wp:featuredmedia":[{"embeddable":true,"href":"https:\/\/eldiariodesanpedro.com.ar\/sitio\/wp-json\/wp\/v2\/media\/94808"}],"wp:attachment":[{"href":"https:\/\/eldiariodesanpedro.com.ar\/sitio\/wp-json\/wp\/v2\/media?parent=94807"}],"wp:term":[{"taxonomy":"category","embeddable":true,"href":"https:\/\/eldiariodesanpedro.com.ar\/sitio\/wp-json\/wp\/v2\/categories?post=94807"},{"taxonomy":"post_tag","embeddable":true,"href":"https:\/\/eldiariodesanpedro.com.ar\/sitio\/wp-json\/wp\/v2\/tags?post=94807"}],"curies":[{"name":"wp","href":"https:\/\/api.w.org\/{rel}","templated":true}]}}