{"id":94804,"date":"2021-06-26T11:28:25","date_gmt":"2021-06-26T14:28:25","guid":{"rendered":"https:\/\/eldiariodesanpedro.com.ar\/sitio\/?p=94804"},"modified":"2021-06-26T11:28:29","modified_gmt":"2021-06-26T14:28:29","slug":"el-exitoso-emprendimiento-de-francisco-juliano-en-espana","status":"publish","type":"post","link":"https:\/\/eldiariodesanpedro.com.ar\/sitio\/el-exitoso-emprendimiento-de-francisco-juliano-en-espana\/","title":{"rendered":"El exitoso emprendimiento de Francisco Juliano en Espa\u00f1a"},"content":{"rendered":"<!-- VideographyWP Plugin Message: Automatic video embedding prevented by plugin options. -->\n\n<p>La publicaci\u00f3n destaca que \u00abse fue hace m\u00e1s de 20 a\u00f1os. Descubri\u00f3 su oportunidad de negocio escuchando el pedido de turistas, y hoy tiene una flota de 580 motos\u00bb.<br>Nacido en San Pedro, una ciudad al norte de la provincia de Buenos Aires, en 1999 empez\u00f3 a pensar en la posibilidad de buscar otro destino.\u00a0\u00abEn esa \u00e9poca pude ver a la Argentina de hoy y pens\u00e9 que el futuro all\u00ed no iba a ser prometedor. Esto se sum\u00f3 a mi esp\u00edritu aventurero e inconsciencia, ya que, si hoy tuviera que pasar por un desarraigo como en aquellas circunstancias, no lo repetir\u00eda\u00bb, coment\u00f3 a\u00a0iProfesional.<br>La primera idea fue partir hacia Estados Unidos, pero llegado el momento, el hecho de tener pasaporte de la Uni\u00f3n Europea y que su hermana viv\u00eda en Barcelona, lo hicieron decidirse por Espa\u00f1a.<br>Sin embargo, el lugar elegido para instalarse fue otro y se fue a\u00a0Menorca, una isla en el Mar Mediterr\u00e1neo. All\u00ed emprendi\u00f3 el proyecto que hoy le permiti\u00f3 encontrar la estabilidad que tanto buscaba a trav\u00e9s de la creaci\u00f3n de\u00a0Rideon Scooter Rental, un negocio de\u00a0alquiler de motos a turistas y empresas.<\/p>\n\n\n\n<p><strong>Los comienzos<br><\/strong>No todo es tan f\u00e1cil como parece, pero el golpe de suerte existe. Apenas lleg\u00f3 a la isla, Francisco conoci\u00f3 a Eli, hoy su mujer, una menorquina que pas\u00f3 ah\u00ed toda su vida. Entre los dos pusieron un bar y ah\u00ed es donde surgi\u00f3 la idea del alquiler de motos, ya que todos los d\u00edas recib\u00edan\u00a0muchos turistas preguntando por alg\u00fan rent a car, y hab\u00eda muy poca oferta.<br>De tanto responder esa pregunta dijo:\u00a0\u00abEsa es la oportunidad\u00bb.\u00a0Lo primero que hizo fue poner en alquiler un Peugeot 205 que se hab\u00eda comprado con sus ahorros, y luego sum\u00f3 un Renault Twingo de un amigo.\u00a0En tres meses recuper\u00f3 el valor de los dos autos. Al final de ese verano, considerando que los autos son m\u00e1s caros, se le ocurri\u00f3 montar una empresa de scooter rental e inici\u00f3 \u00abRideon\u00bb con 25 unidades.<br>\u00abArranqu\u00e9 ofreciendo el servicio en junio de 2012 dentro del mismo bar cafeter\u00eda, donde hac\u00edamos las 2 actividades. De a poco iba viendo que alquilar motos era mucho mejor que vender caf\u00e9 o comida, las posibilidades de escalar una empresa de Scooter Rental me parec\u00edan m\u00e1s viable que una cafeter\u00eda, siempre bajo mi perspectiva y dentro de mi capacidad, obviamente si le planteo esto a los fundadores de Starbucks me dir\u00e1n que estoy equivocado\u00bb, cuenta entre risas.<br>Pero la visi\u00f3n no fue equivocada. En este momento cuentan con sucursales en 6 ciudades, Madrid, Barcelona, Valencia, Mallorca, Menorca y M\u00e1laga, de las cuales 5 son oficinas propias y una es partnership.<br>En total tienen\u00a0580 unidades.\u00a0En su mayor\u00eda son scooters, tambi\u00e9n aportaron algunas motos el\u00e9ctricas a la Polic\u00eda. El precio de alquiler ronda los u$s25 d\u00f3lares por d\u00eda y el precio baja a medida que aumenta el plazo de alquiler. Tambi\u00e9n ofrecen tres tipos de seguro, desde u$s6 diarios, con diferentes servicios de asistencia en carretera, reemplazo de unidad donde se encuentren en caso de pinchadura, y hasta un servicio Premium que consiste en tener todo el \u00abpapeler\u00edo\u00bb listo al momento de llegar a buscar la moto y no tener que esperar, ya que aveces hay hasta 20 personas buscando una unidad en el mismo momento.<br>\u00abEl alquiler es especialmente a turistas, mayormente gente que ronda entre los 25 y 40 a\u00f1os. Otros clientes son de las empresas que se dedican al delivery de comida, empresas de Last Mile, y comerciales, entre otros. Tambi\u00e9n tenemos como clientes a instituciones, como polic\u00eda, Defensa Civil y vigilancia de puertos\u00bb, coment\u00f3 Juliano.<br>Muchas veces le ha tocado recibir argentinos, lo cual siempre tiene un \u00absabor especial\u00bb, aunque con la pandemia ya no viajan. \u00abEntre los \u00faltimos clientes hubo un grupo de 19 santafesinos que me alquilaron 18 motos para recorrer parte de la costa, les entregu\u00e9 las motos en M\u00e1laga y me las devolvieron en Barcelona. Ahora, hace tiempo que no vienen, pero ven\u00edan mucho\u00bb, cont\u00f3.<\/p>\n\n\n\n<p><strong>Entre el mar y la ciudad<\/strong><br>Cuando lleg\u00f3 a Espa\u00f1a, previo a vivir unos meses en Brasil y en Irlanda, Francisco ten\u00eda otra idea. \u00abAl principio uno comienza apuntando alto, y busqu\u00e9 &#8216;trabajos de no trabajar.&#8217; Con el paso del tiempo la realidad te va enderezando\u00bb, cont\u00f3.<br>Ahora, la vida de all\u00e1 es muy activa. Junto con Eli tienen dos hijas de 5 y 8 a\u00f1os, en invierno viajan mucho en familia y en verano disfrutan de las posibilidades que ofrece Menorca, la playa, mar y el pueblo en general.<br>\u00bfVolver\u00edas a la Argentina?,\u00a0fue la pregunta clave llegando al final.\u00a0\u00abEs imposible descartarlo, es mi pa\u00eds, no obstante, en este momento no ser\u00eda una opci\u00f3n\u00bb, respondi\u00f3.<br>\u00bfY te da nostalgia pensar en t\u00fa pa\u00eds?, fue la segunda pregunta que causa intriga, despu\u00e9s de tantos a\u00f1os:\u00a0\u00abYa no, pero durante mucho tiempo s\u00ed\u00bb,\u00a0dijo con sinceridad.<br>A pesar de su bienestar, Francisco asegura que no es sencilla la vida all\u00e1, y que se ha esforzado mucho para llegar adonde est\u00e1. \u00abAc\u00e1 hay mucha tranquilidad y seguridad, lo cual es un alivio. En cuanto al\u00a0crecimiento econ\u00f3mico es lento, pero hay estabilidad. Salvo 4 unicornios tecnol\u00f3gicos, para el resto se trata de ir poco a poco y con buena letra\u00bb, cont\u00f3.<\/p>\n\n\n\n<p><strong>Sobre sus lazos vigentes<\/strong><br>Francisco conserva muchas amistades en su ciudad natal, y quienes van a Espa\u00f1a siempre tienen un lugar en su casa.\u00a0La realidad cambi\u00f3 para \u00e9l y su vida laboral tom\u00f3 el rumbo que nunca vio en Argentina. No lo dice con orgullo, sino con aceptaci\u00f3n.\u00a0All\u00ed est\u00e1n sus dos hermanas y la mam\u00e1 viaja cada seis meses para ver crecer a sus nietas. \u00c9l, volvi\u00f3 pocas veces al pa\u00eds, pero siempre est\u00e1 en sus planes pasar algunas semanas en Buenos Aires.<\/p>\n","protected":false},"excerpt":{"rendered":"<p>La publicaci\u00f3n destaca que \u00abse fue hace m\u00e1s de 20 a\u00f1os. Descubri\u00f3 su oportunidad de negocio escuchando el pedido de turistas, y hoy tiene una flota de 580 motos\u00bb.Nacido en San Pedro, una ciudad al norte de la provincia de Buenos Aires, en 1999 empez\u00f3 a pensar en la posibilidad de buscar otro destino.\u00a0\u00abEn esa [&hellip;]<\/p>\n","protected":false},"author":4,"featured_media":94805,"comment_status":"open","ping_status":"closed","sticky":false,"template":"","format":"standard","meta":{"om_disable_all_campaigns":false,"_jetpack_memberships_contains_paid_content":false,"footnotes":""},"categories":[101,2],"tags":[],"class_list":["post-94804","post","type-post","status-publish","format-standard","has-post-thumbnail","hentry","category-interes-general-locales","category-locales"],"aioseo_notices":[],"gutentor_comment":0,"jetpack_featured_media_url":"https:\/\/eldiariodesanpedro.com.ar\/sitio\/wp-content\/uploads\/2021\/06\/000092138.jpg","jetpack_shortlink":"https:\/\/wp.me\/p6RhLt-oF6","jetpack_sharing_enabled":true,"_links":{"self":[{"href":"https:\/\/eldiariodesanpedro.com.ar\/sitio\/wp-json\/wp\/v2\/posts\/94804","targetHints":{"allow":["GET"]}}],"collection":[{"href":"https:\/\/eldiariodesanpedro.com.ar\/sitio\/wp-json\/wp\/v2\/posts"}],"about":[{"href":"https:\/\/eldiariodesanpedro.com.ar\/sitio\/wp-json\/wp\/v2\/types\/post"}],"author":[{"embeddable":true,"href":"https:\/\/eldiariodesanpedro.com.ar\/sitio\/wp-json\/wp\/v2\/users\/4"}],"replies":[{"embeddable":true,"href":"https:\/\/eldiariodesanpedro.com.ar\/sitio\/wp-json\/wp\/v2\/comments?post=94804"}],"version-history":[{"count":1,"href":"https:\/\/eldiariodesanpedro.com.ar\/sitio\/wp-json\/wp\/v2\/posts\/94804\/revisions"}],"predecessor-version":[{"id":94806,"href":"https:\/\/eldiariodesanpedro.com.ar\/sitio\/wp-json\/wp\/v2\/posts\/94804\/revisions\/94806"}],"wp:featuredmedia":[{"embeddable":true,"href":"https:\/\/eldiariodesanpedro.com.ar\/sitio\/wp-json\/wp\/v2\/media\/94805"}],"wp:attachment":[{"href":"https:\/\/eldiariodesanpedro.com.ar\/sitio\/wp-json\/wp\/v2\/media?parent=94804"}],"wp:term":[{"taxonomy":"category","embeddable":true,"href":"https:\/\/eldiariodesanpedro.com.ar\/sitio\/wp-json\/wp\/v2\/categories?post=94804"},{"taxonomy":"post_tag","embeddable":true,"href":"https:\/\/eldiariodesanpedro.com.ar\/sitio\/wp-json\/wp\/v2\/tags?post=94804"}],"curies":[{"name":"wp","href":"https:\/\/api.w.org\/{rel}","templated":true}]}}