{"id":94800,"date":"2021-06-26T11:25:49","date_gmt":"2021-06-26T14:25:49","guid":{"rendered":"https:\/\/eldiariodesanpedro.com.ar\/sitio\/?p=94800"},"modified":"2021-06-26T11:25:54","modified_gmt":"2021-06-26T14:25:54","slug":"125-anos-de-san-roque-en-nuestro-pueblo","status":"publish","type":"post","link":"https:\/\/eldiariodesanpedro.com.ar\/sitio\/125-anos-de-san-roque-en-nuestro-pueblo\/","title":{"rendered":"125 a\u00f1os de San Roque en nuestro pueblo"},"content":{"rendered":"<!-- VideographyWP Plugin Message: Automatic video embedding prevented by plugin options. -->\n\n<p>El lunes 28 de junio a las 18 horas la comunidad de la parroquia San Roque celebrar\u00e1 los 125 a\u00f1os de la llegada de la imagen a nuestra ciudad.<\/p>\n\n\n\n<p>Hacer memoria del camino recorrido hace bien al coraz\u00f3n\u201d. Estas palabras del Papa Francisco bien pueden aplicarse a la vida de una comunidad. Arraigarse en la propia historia, apropiarse de ella con memoria agradecida, es lo que nos permite tener la fuerza para seguir escribiendo esa historia en el presente y as\u00ed preparar el futuro.<\/p>\n\n\n\n<p>Como comunidad de San Roque estamos viviendo un tiempo de memoria agradecida recordando los inicios de lo que hoy es la parroquia. 125 a\u00f1os atr\u00e1s, por iniciativa de muchos hermanos, en su mayor\u00eda de la colectividad italiana, se daba inicio a un sue\u00f1o compartido con la conformaci\u00f3n, el 26 de abril de 1896, de la Sociedad \u201cPatronato de San Roque\u201d que se propuso el objetivo de adquirir una imagen del santo y un terreno para construir un templo en su honor en nuestro pueblo de San Pedro.<\/p>\n\n\n\n<p>El empuje de aquellos pioneros, sumados a su profunda devoci\u00f3n a este santo, tan invocado en Italia, en Espa\u00f1a y en muchas regiones del mundo como protector contra pestes y epidemias, pronto dar\u00eda sus frutos. Tan s\u00f3lo dos meses despu\u00e9s de la conformaci\u00f3n del Patronato, la imagen de San Roque estaba en nuestro pueblo y el 28 de junio de aquel a\u00f1o fue llevada solemnemente a la iglesia parroquial de Nuestra Se\u00f1ora del Socorro para ser bendecida. Poco tiempo despu\u00e9s, en septiembre de ese mismo a\u00f1o, una generosa donaci\u00f3n de un terreno permiti\u00f3 iniciar la obra de construcci\u00f3n del templo, finalmente inaugurado en 1906 con la bendici\u00f3n del Padre Pablo Carlevarino, p\u00e1rroco del Socorro, en nombre del Obispo de La Plata. Sesenta a\u00f1os despu\u00e9s, en 1966, el templo so\u00f1ado y concretado por los miembros del Patronato se convertir\u00eda en una parroquia por decisi\u00f3n de Monse\u00f1or Carlos Horacio Ponce de Le\u00f3n, tercer obispo de San Nicol\u00e1s.<\/p>\n\n\n\n<p>A estas ra\u00edces, que se remontan a tantos a\u00f1os atr\u00e1s, queremos volver como comunidad de San Roque en este tiempo de acci\u00f3n de gracias para, desde all\u00ed, emprender con renovado vigor la misi\u00f3n evangelizadora de la mano de nuestro santo patrono. Por eso sentimos la necesidad de dar gracias a Dios por tanto camino recorrido, por tantas personas que, desde 1896 y hasta el d\u00eda de hoy, han formado parte de este camino y, sobre todo, por la presencia de San Roque en nuestro pueblo de San Pedro desde hace 125 a\u00f1os. Es una historia tejida en comunidad. Es una historia de fe y devoci\u00f3n a nuestro santo, devoci\u00f3n m\u00e1s actual que nunca en este contexto de pandemia. Es una preciosa oportunidad, como dec\u00eda San Juan Pablo II, de \u201crecordar con gratitud el pasado, vivir con pasi\u00f3n el presente y abrirnos con confianza al futuro\u201d.<\/p>\n\n\n\n<p>Hemos comenzado este camino de memoria agradecida recordando, el pasado 26 de abril, el aniversario de la fundaci\u00f3n del Patronato. El pr\u00f3ximo lunes 28 de junio celebraremos la bendici\u00f3n de la imagen de nuestro santo llev\u00e1ndolo nuevamente a la Iglesia del Socorro, como 125 a\u00f1os atr\u00e1s, para celebrar una Misa de Acci\u00f3n de Gracias a las 18 hs, y luego lo acompa\u00f1aremos en caravana hasta su templo, dando inicio a la misi\u00f3n parroquial que nos preparar\u00e1 para las fiestas patronales, que celebraremos en agosto.<\/p>\n\n\n\n<p>Muchas cosas han cambiado en estos 125 a\u00f1os. Pero la fe sigue siendo la luz que ilumina nuestra vida y nos da la fuerza para afrontar los desaf\u00edos del presente, y en San Roque encontramos una llama de esa luz. Hoy nuestro patrono nos invita a imitarlo, a hacernos peregrinos como \u00e9l, a seguir caminando juntos con el coraz\u00f3n abierto a Dios y a los hermanos.<\/p>\n\n\n\n<p><strong><em>P. Sebasti\u00e1n Zagari<\/em><\/strong><br><strong><em>P\u00e1rroco de San Roque<\/em><\/strong><\/p>\n\n\n\n<figure class=\"wp-block-image size-large\"><img decoding=\"async\" width=\"1024\" height=\"1024\" data-attachment-id=\"94801\" data-permalink=\"https:\/\/eldiariodesanpedro.com.ar\/sitio\/125-anos-de-san-roque-en-nuestro-pueblo\/125-2\/\" data-orig-file=\"https:\/\/eldiariodesanpedro.com.ar\/sitio\/wp-content\/uploads\/2021\/06\/125.jpg\" data-orig-size=\"1080,1080\" data-comments-opened=\"1\" data-image-meta=\"{&quot;aperture&quot;:&quot;0&quot;,&quot;credit&quot;:&quot;&quot;,&quot;camera&quot;:&quot;&quot;,&quot;caption&quot;:&quot;&quot;,&quot;created_timestamp&quot;:&quot;0&quot;,&quot;copyright&quot;:&quot;&quot;,&quot;focal_length&quot;:&quot;0&quot;,&quot;iso&quot;:&quot;0&quot;,&quot;shutter_speed&quot;:&quot;0&quot;,&quot;title&quot;:&quot;&quot;,&quot;orientation&quot;:&quot;0&quot;}\" data-image-title=\"125\" data-image-description=\"\" data-image-caption=\"\" data-large-file=\"https:\/\/eldiariodesanpedro.com.ar\/sitio\/wp-content\/uploads\/2021\/06\/125-1024x1024.jpg\" data-src=\"https:\/\/eldiariodesanpedro.com.ar\/sitio\/wp-content\/uploads\/2021\/06\/125-1024x1024.jpg\" alt=\"\" class=\"wp-image-94801 lazyload\" data-srcset=\"https:\/\/eldiariodesanpedro.com.ar\/sitio\/wp-content\/uploads\/2021\/06\/125-1024x1024.jpg 1024w, https:\/\/eldiariodesanpedro.com.ar\/sitio\/wp-content\/uploads\/2021\/06\/125-300x300.jpg 300w, https:\/\/eldiariodesanpedro.com.ar\/sitio\/wp-content\/uploads\/2021\/06\/125-150x150.jpg 150w, https:\/\/eldiariodesanpedro.com.ar\/sitio\/wp-content\/uploads\/2021\/06\/125-768x768.jpg 768w, https:\/\/eldiariodesanpedro.com.ar\/sitio\/wp-content\/uploads\/2021\/06\/125.jpg 1080w\" data-sizes=\"(max-width: 1024px) 100vw, 1024px\" src=\"data:image\/svg+xml;base64,PHN2ZyB3aWR0aD0iMSIgaGVpZ2h0PSIxIiB4bWxucz0iaHR0cDovL3d3dy53My5vcmcvMjAwMC9zdmciPjwvc3ZnPg==\" style=\"--smush-placeholder-width: 1024px; --smush-placeholder-aspect-ratio: 1024\/1024;\" \/><\/figure>\n","protected":false},"excerpt":{"rendered":"<p>El lunes 28 de junio a las 18 horas la comunidad de la parroquia San Roque celebrar\u00e1 los 125 a\u00f1os de la llegada de la imagen a nuestra ciudad. Hacer memoria del camino recorrido hace bien al coraz\u00f3n\u201d. Estas palabras del Papa Francisco bien pueden aplicarse a la vida de una comunidad. Arraigarse en la [&hellip;]<\/p>\n","protected":false},"author":4,"featured_media":94802,"comment_status":"open","ping_status":"closed","sticky":false,"template":"","format":"standard","meta":{"om_disable_all_campaigns":false,"_jetpack_memberships_contains_paid_content":false,"footnotes":""},"categories":[101,2],"tags":[],"class_list":["post-94800","post","type-post","status-publish","format-standard","has-post-thumbnail","hentry","category-interes-general-locales","category-locales"],"aioseo_notices":[],"gutentor_comment":0,"jetpack_featured_media_url":"https:\/\/eldiariodesanpedro.com.ar\/sitio\/wp-content\/uploads\/2021\/06\/000092146.jpg","jetpack_shortlink":"https:\/\/wp.me\/p6RhLt-oF2","jetpack_sharing_enabled":true,"_links":{"self":[{"href":"https:\/\/eldiariodesanpedro.com.ar\/sitio\/wp-json\/wp\/v2\/posts\/94800","targetHints":{"allow":["GET"]}}],"collection":[{"href":"https:\/\/eldiariodesanpedro.com.ar\/sitio\/wp-json\/wp\/v2\/posts"}],"about":[{"href":"https:\/\/eldiariodesanpedro.com.ar\/sitio\/wp-json\/wp\/v2\/types\/post"}],"author":[{"embeddable":true,"href":"https:\/\/eldiariodesanpedro.com.ar\/sitio\/wp-json\/wp\/v2\/users\/4"}],"replies":[{"embeddable":true,"href":"https:\/\/eldiariodesanpedro.com.ar\/sitio\/wp-json\/wp\/v2\/comments?post=94800"}],"version-history":[{"count":1,"href":"https:\/\/eldiariodesanpedro.com.ar\/sitio\/wp-json\/wp\/v2\/posts\/94800\/revisions"}],"predecessor-version":[{"id":94803,"href":"https:\/\/eldiariodesanpedro.com.ar\/sitio\/wp-json\/wp\/v2\/posts\/94800\/revisions\/94803"}],"wp:featuredmedia":[{"embeddable":true,"href":"https:\/\/eldiariodesanpedro.com.ar\/sitio\/wp-json\/wp\/v2\/media\/94802"}],"wp:attachment":[{"href":"https:\/\/eldiariodesanpedro.com.ar\/sitio\/wp-json\/wp\/v2\/media?parent=94800"}],"wp:term":[{"taxonomy":"category","embeddable":true,"href":"https:\/\/eldiariodesanpedro.com.ar\/sitio\/wp-json\/wp\/v2\/categories?post=94800"},{"taxonomy":"post_tag","embeddable":true,"href":"https:\/\/eldiariodesanpedro.com.ar\/sitio\/wp-json\/wp\/v2\/tags?post=94800"}],"curies":[{"name":"wp","href":"https:\/\/api.w.org\/{rel}","templated":true}]}}