{"id":94791,"date":"2021-06-25T20:37:48","date_gmt":"2021-06-25T23:37:48","guid":{"rendered":"https:\/\/eldiariodesanpedro.com.ar\/sitio\/?p=94791"},"modified":"2021-06-25T20:37:52","modified_gmt":"2021-06-25T23:37:52","slug":"salto-una-mujer-y-su-hija-de-6-anos-fallecieron-de-coronavirus-el-padre-pelea-por-su-vida","status":"publish","type":"post","link":"https:\/\/eldiariodesanpedro.com.ar\/sitio\/salto-una-mujer-y-su-hija-de-6-anos-fallecieron-de-coronavirus-el-padre-pelea-por-su-vida\/","title":{"rendered":"SALTO | Una mujer y su hija de 6 a\u00f1os fallecieron de coronavirus, el padre pelea por su vida"},"content":{"rendered":"<!-- VideographyWP Plugin Message: Automatic video embedding prevented by plugin options. -->\n\n<p>El coronavirus le acaba de propinar quiz\u00e1s el golpe m\u00e1s duro y cruel a la comunidad de Salto. En la tarde de este jueves se confirm\u00f3 la muerte de Sara Luque, la peque\u00f1a de 6 a\u00f1os de edad que se encontraba internada en grave estado a consecuencia del Covid-19.<\/p>\n\n\n\n<p>Una familia queda aut\u00e9nticamente devastada, puesto que hace unos d\u00edas hab\u00eda fallecido la mam\u00e1 de la peque\u00f1a, Paola Libonato (41), contagiada por el mismo virus; mientras que su padre, Pablo Luque, sigue luchando contra la enfermedad.<\/p>\n\n\n\n<p>La noticia del fallecimiento de Sara, a quien se le hab\u00eda complicado su cuadro de salud en las \u00faltimas horas, caus\u00f3 hondo pesar en toda la sociedad saltense y de la zona, que desde hace semanas ven\u00eda orando por la recuperaci\u00f3n de ella y de su padre.<\/p>\n\n\n\n<p>Una de las personas que se mostr\u00f3 consternada por lo ocurrido fue el intendente municipal de Salto, Ricardo Alessandro, quien a trav\u00e9s de su cuenta de Twitter expres\u00f3 sus condolencias a las familias Luque y Libonato \u201cante la trist\u00edsima noticia de la partida de la ni\u00f1a Sara\u201d. Y pidi\u00f3 \u201ca todos nuestros vecinos que se unan para orar por la recuperaci\u00f3n de su pap\u00e1 y por el eterno descanso de Sarita y de su mam\u00e1 Paola\u201d.<\/p>\n\n\n\n<p>En un hilo de twits en la red social, el titular del Ejecutivo consider\u00f3 que \u201cno hay palabras apropiadas en un momento as\u00ed\u201d.<\/p>\n\n\n\n<p>\u201cLe pido a mi pueblo que no deje de cuidarse ni de cuidar a quienes tenemos al lado. Es lo m\u00ednimo que podemos hacer para respetar el dolor de tantas familias de Salto que han tenido que despedir a seres queridos\u201d, cerr\u00f3 Alessandro.<\/p>\n\n\n\n<p>En Facebook, acompa\u00f1ando el posteo con una foto de la peque\u00f1a Sara, el secretario general de Gobierno, Camilo Alessandro, dio su p\u00e9same a la familia Luque.<\/p>\n\n\n\n<p>En tanto, la Municipalidad de Salto, en su cuenta oficial de Facebook, emiti\u00f3 un comunicado.<\/p>\n\n\n\n<p>\u201cLa Municipalidad de Salto acompa\u00f1a en este doloroso momento a las familias Luque y Libonato, ante el triste fallecimiento de la peque\u00f1a Sara. Un dolor muy profundo en toda la comunidad. Nuestras condolencias a sus familiares y allegados. Muchas fuerzas y deseamos la pronta recuperaci\u00f3n de su pap\u00e1 Pablo\u201d.<\/p>\n\n\n\n<p>Fuente: Salto Hoy<\/p>\n","protected":false},"excerpt":{"rendered":"<p>El coronavirus le acaba de propinar quiz\u00e1s el golpe m\u00e1s duro y cruel a la comunidad de Salto. En la tarde de este jueves se confirm\u00f3 la muerte de Sara Luque, la peque\u00f1a de 6 a\u00f1os de edad que se encontraba internada en grave estado a consecuencia del Covid-19. Una familia queda aut\u00e9nticamente devastada, puesto [&hellip;]<\/p>\n","protected":false},"author":4,"featured_media":94792,"comment_status":"open","ping_status":"closed","sticky":false,"template":"","format":"standard","meta":{"om_disable_all_campaigns":false,"_jetpack_memberships_contains_paid_content":false,"footnotes":""},"categories":[621],"tags":[],"class_list":["post-94791","post","type-post","status-publish","format-standard","has-post-thumbnail","hentry","category-regionales"],"aioseo_notices":[],"gutentor_comment":0,"jetpack_featured_media_url":"https:\/\/eldiariodesanpedro.com.ar\/sitio\/wp-content\/uploads\/2021\/06\/206836175_4268298326567957_7065042203333456815_n.jpg","jetpack_shortlink":"https:\/\/wp.me\/p6RhLt-oET","jetpack_sharing_enabled":true,"_links":{"self":[{"href":"https:\/\/eldiariodesanpedro.com.ar\/sitio\/wp-json\/wp\/v2\/posts\/94791","targetHints":{"allow":["GET"]}}],"collection":[{"href":"https:\/\/eldiariodesanpedro.com.ar\/sitio\/wp-json\/wp\/v2\/posts"}],"about":[{"href":"https:\/\/eldiariodesanpedro.com.ar\/sitio\/wp-json\/wp\/v2\/types\/post"}],"author":[{"embeddable":true,"href":"https:\/\/eldiariodesanpedro.com.ar\/sitio\/wp-json\/wp\/v2\/users\/4"}],"replies":[{"embeddable":true,"href":"https:\/\/eldiariodesanpedro.com.ar\/sitio\/wp-json\/wp\/v2\/comments?post=94791"}],"version-history":[{"count":1,"href":"https:\/\/eldiariodesanpedro.com.ar\/sitio\/wp-json\/wp\/v2\/posts\/94791\/revisions"}],"predecessor-version":[{"id":94793,"href":"https:\/\/eldiariodesanpedro.com.ar\/sitio\/wp-json\/wp\/v2\/posts\/94791\/revisions\/94793"}],"wp:featuredmedia":[{"embeddable":true,"href":"https:\/\/eldiariodesanpedro.com.ar\/sitio\/wp-json\/wp\/v2\/media\/94792"}],"wp:attachment":[{"href":"https:\/\/eldiariodesanpedro.com.ar\/sitio\/wp-json\/wp\/v2\/media?parent=94791"}],"wp:term":[{"taxonomy":"category","embeddable":true,"href":"https:\/\/eldiariodesanpedro.com.ar\/sitio\/wp-json\/wp\/v2\/categories?post=94791"},{"taxonomy":"post_tag","embeddable":true,"href":"https:\/\/eldiariodesanpedro.com.ar\/sitio\/wp-json\/wp\/v2\/tags?post=94791"}],"curies":[{"name":"wp","href":"https:\/\/api.w.org\/{rel}","templated":true}]}}