{"id":94789,"date":"2021-06-25T20:21:49","date_gmt":"2021-06-25T23:21:49","guid":{"rendered":"https:\/\/eldiariodesanpedro.com.ar\/sitio\/?p=94789"},"modified":"2021-06-25T20:21:53","modified_gmt":"2021-06-25T23:21:53","slug":"baradero-aparecio-abigail-saavedra-la-joven-de-apam","status":"publish","type":"post","link":"https:\/\/eldiariodesanpedro.com.ar\/sitio\/baradero-aparecio-abigail-saavedra-la-joven-de-apam\/","title":{"rendered":"BARADERO | Apareci\u00f3 Abigail Saavedra la joven de APAM"},"content":{"rendered":"<!-- VideographyWP Plugin Message: Automatic video embedding prevented by plugin options. -->\n\n<p><a href=\"https:\/\/tulineadirecta.com\/author\/tulineadirecta1\/\"><\/a>La joven de 21 a\u00f1os se encontraba desaparecida desde el d\u00eda Martes cuando se ausent\u00f3 junto a otras internas en horas de la tarde desde la instituci\u00f3n de APAND ubicada en Lino Pi\u00f1eiro. Polic\u00eda Comunal hab\u00eda montado un operativo para poder dar con Abigail; siendo encontrada en horas del mediod\u00eda en cercan\u00edas al Martillo.<\/p>\n\n\n\n<p>El Jefe de la Polic\u00eda Comunal, Juan Cruz Acevedo, cont\u00f3 que la j\u00f3ven fue encontrada por un sereno.<\/p>\n\n\n\n<p>\u201cSuponemos que la persona ten\u00eda conocimiento de que Abigail estaba p\u00e9rdida y mientras esperaba que llegue la polic\u00eda, le hizo unas papas fritas\u201d.<\/p>\n\n\n\n<p>Fuente: <a href=\"https:\/\/tulineadirecta.com\/aparecio-abigail-saavedra\/\">Tu Linea Directa<\/a><\/p>\n","protected":false},"excerpt":{"rendered":"<p>La joven de 21 a\u00f1os se encontraba desaparecida desde el d\u00eda Martes cuando se ausent\u00f3 junto a otras internas en horas de la tarde desde la instituci\u00f3n de APAND ubicada en Lino Pi\u00f1eiro. Polic\u00eda Comunal hab\u00eda montado un operativo para poder dar con Abigail; siendo encontrada en horas del mediod\u00eda en cercan\u00edas al Martillo. El [&hellip;]<\/p>\n","protected":false},"author":4,"featured_media":94717,"comment_status":"open","ping_status":"closed","sticky":false,"template":"","format":"standard","meta":{"om_disable_all_campaigns":false,"_jetpack_memberships_contains_paid_content":false,"footnotes":""},"categories":[621],"tags":[],"class_list":["post-94789","post","type-post","status-publish","format-standard","has-post-thumbnail","hentry","category-regionales"],"aioseo_notices":[],"gutentor_comment":0,"jetpack_featured_media_url":"https:\/\/eldiariodesanpedro.com.ar\/sitio\/wp-content\/uploads\/2021\/06\/Sin-titulo-1-20.jpg","jetpack_shortlink":"https:\/\/wp.me\/p6RhLt-oER","jetpack_sharing_enabled":true,"_links":{"self":[{"href":"https:\/\/eldiariodesanpedro.com.ar\/sitio\/wp-json\/wp\/v2\/posts\/94789","targetHints":{"allow":["GET"]}}],"collection":[{"href":"https:\/\/eldiariodesanpedro.com.ar\/sitio\/wp-json\/wp\/v2\/posts"}],"about":[{"href":"https:\/\/eldiariodesanpedro.com.ar\/sitio\/wp-json\/wp\/v2\/types\/post"}],"author":[{"embeddable":true,"href":"https:\/\/eldiariodesanpedro.com.ar\/sitio\/wp-json\/wp\/v2\/users\/4"}],"replies":[{"embeddable":true,"href":"https:\/\/eldiariodesanpedro.com.ar\/sitio\/wp-json\/wp\/v2\/comments?post=94789"}],"version-history":[{"count":1,"href":"https:\/\/eldiariodesanpedro.com.ar\/sitio\/wp-json\/wp\/v2\/posts\/94789\/revisions"}],"predecessor-version":[{"id":94790,"href":"https:\/\/eldiariodesanpedro.com.ar\/sitio\/wp-json\/wp\/v2\/posts\/94789\/revisions\/94790"}],"wp:featuredmedia":[{"embeddable":true,"href":"https:\/\/eldiariodesanpedro.com.ar\/sitio\/wp-json\/wp\/v2\/media\/94717"}],"wp:attachment":[{"href":"https:\/\/eldiariodesanpedro.com.ar\/sitio\/wp-json\/wp\/v2\/media?parent=94789"}],"wp:term":[{"taxonomy":"category","embeddable":true,"href":"https:\/\/eldiariodesanpedro.com.ar\/sitio\/wp-json\/wp\/v2\/categories?post=94789"},{"taxonomy":"post_tag","embeddable":true,"href":"https:\/\/eldiariodesanpedro.com.ar\/sitio\/wp-json\/wp\/v2\/tags?post=94789"}],"curies":[{"name":"wp","href":"https:\/\/api.w.org\/{rel}","templated":true}]}}