{"id":94786,"date":"2021-06-25T19:56:44","date_gmt":"2021-06-25T22:56:44","guid":{"rendered":"https:\/\/eldiariodesanpedro.com.ar\/sitio\/?p=94786"},"modified":"2021-06-25T19:56:49","modified_gmt":"2021-06-25T22:56:49","slug":"se-aprobo-la-ley-zona-fria-y-en-san-pedro-son-beneficiados-12000-familias","status":"publish","type":"post","link":"https:\/\/eldiariodesanpedro.com.ar\/sitio\/se-aprobo-la-ley-zona-fria-y-en-san-pedro-son-beneficiados-12000-familias\/","title":{"rendered":"Se aprob\u00f3 la Ley \u00abZona Fria\u00bb y en San Pedro son beneficiados 12000 familias"},"content":{"rendered":"<!-- VideographyWP Plugin Message: Automatic video embedding prevented by plugin options. -->\n\n<p>El Senado logr\u00f3 anoche convertir en ley la iniciativa para reducir las tarifas de gas en zonas de bajas temperaturas, que incluye a San Pedro.<\/p>\n\n\n\n<p>El proyecto, que cosech\u00f3 51 votos afirmativos y 12 negativos, permitir\u00e1 la incorporaci\u00f3n de 3.140.000 de nuevos usuarios con tarifa diferencial por zona fr\u00eda, pasando as\u00ed a un total de pr\u00e1cticamente 4 millones de beneficiarios.<\/p>\n\n\n\n<p>El proyecto, impulsado por el diputado M\u00e1ximo Kirchner, plantea la reducci\u00f3n en las tarifas de gas en regiones del pa\u00eds donde se registran bajas temperaturas, con descuentos de entre un 30 y un 50 por ciento.<\/p>\n\n\n\n<p>En San Pedro ser\u00e1n beneficiados con el descuento a alrededor de 12000 familias.<\/p>\n","protected":false},"excerpt":{"rendered":"<p>El Senado logr\u00f3 anoche convertir en ley la iniciativa para reducir las tarifas de gas en zonas de bajas temperaturas, que incluye a San Pedro. El proyecto, que cosech\u00f3 51 votos afirmativos y 12 negativos, permitir\u00e1 la incorporaci\u00f3n de 3.140.000 de nuevos usuarios con tarifa diferencial por zona fr\u00eda, pasando as\u00ed a un total de [&hellip;]<\/p>\n","protected":false},"author":4,"featured_media":94787,"comment_status":"open","ping_status":"closed","sticky":false,"template":"","format":"standard","meta":{"om_disable_all_campaigns":false,"_jetpack_memberships_contains_paid_content":false,"footnotes":""},"categories":[50,101,2],"tags":[],"class_list":["post-94786","post","type-post","status-publish","format-standard","has-post-thumbnail","hentry","category-destacadas","category-interes-general-locales","category-locales"],"aioseo_notices":[],"gutentor_comment":0,"jetpack_featured_media_url":"https:\/\/eldiariodesanpedro.com.ar\/sitio\/wp-content\/uploads\/2021\/06\/E3iRnUxXIAUqIVq.jpg","jetpack_shortlink":"https:\/\/wp.me\/p6RhLt-oEO","jetpack_sharing_enabled":true,"_links":{"self":[{"href":"https:\/\/eldiariodesanpedro.com.ar\/sitio\/wp-json\/wp\/v2\/posts\/94786","targetHints":{"allow":["GET"]}}],"collection":[{"href":"https:\/\/eldiariodesanpedro.com.ar\/sitio\/wp-json\/wp\/v2\/posts"}],"about":[{"href":"https:\/\/eldiariodesanpedro.com.ar\/sitio\/wp-json\/wp\/v2\/types\/post"}],"author":[{"embeddable":true,"href":"https:\/\/eldiariodesanpedro.com.ar\/sitio\/wp-json\/wp\/v2\/users\/4"}],"replies":[{"embeddable":true,"href":"https:\/\/eldiariodesanpedro.com.ar\/sitio\/wp-json\/wp\/v2\/comments?post=94786"}],"version-history":[{"count":1,"href":"https:\/\/eldiariodesanpedro.com.ar\/sitio\/wp-json\/wp\/v2\/posts\/94786\/revisions"}],"predecessor-version":[{"id":94788,"href":"https:\/\/eldiariodesanpedro.com.ar\/sitio\/wp-json\/wp\/v2\/posts\/94786\/revisions\/94788"}],"wp:featuredmedia":[{"embeddable":true,"href":"https:\/\/eldiariodesanpedro.com.ar\/sitio\/wp-json\/wp\/v2\/media\/94787"}],"wp:attachment":[{"href":"https:\/\/eldiariodesanpedro.com.ar\/sitio\/wp-json\/wp\/v2\/media?parent=94786"}],"wp:term":[{"taxonomy":"category","embeddable":true,"href":"https:\/\/eldiariodesanpedro.com.ar\/sitio\/wp-json\/wp\/v2\/categories?post=94786"},{"taxonomy":"post_tag","embeddable":true,"href":"https:\/\/eldiariodesanpedro.com.ar\/sitio\/wp-json\/wp\/v2\/tags?post=94786"}],"curies":[{"name":"wp","href":"https:\/\/api.w.org\/{rel}","templated":true}]}}