{"id":94781,"date":"2021-06-25T19:23:33","date_gmt":"2021-06-25T22:23:33","guid":{"rendered":"https:\/\/eldiariodesanpedro.com.ar\/sitio\/?p=94781"},"modified":"2021-06-25T19:23:37","modified_gmt":"2021-06-25T22:23:37","slug":"ocurrieron-dos-accidentes-de-transito-en-la-tarde-de-este-viernes","status":"publish","type":"post","link":"https:\/\/eldiariodesanpedro.com.ar\/sitio\/ocurrieron-dos-accidentes-de-transito-en-la-tarde-de-este-viernes\/","title":{"rendered":"Ocurrieron dos accidentes de transito en la tarde de este viernes"},"content":{"rendered":"<!-- VideographyWP Plugin Message: Automatic video embedding prevented by plugin options. -->\n\n<p>En la jornada de hoy en horas de la tarde ocurrieron dos siniestros viales donde estuvieron involucrados motocicletas, resultando sus ocupantes heridos.<\/p>\n\n\n\n<p>El primero de ellos tuvo lugar en la esquina de 25 de mayo y Boulevard Moreno alrededor de las 15 hs donde en los \u00faltimos d\u00edas ya hab\u00edan ocurrido otros accidentes similares. En el lugar impactaron una motocicleta 110 cc en la que circulaba una mujer y contra un autom\u00f3vil Honda Civic conducido por un masculino. Como resultado del impacto la conductora del rodado de menor porte fue trasladada a la guardia del Nosocomio Local donde se determino que presentaba heridas leves.<\/p>\n\n\n\n<p>El segundo siniestro tuvo lugar momentos mas tarde alrededor de las 16 hs en la esquina de Pellegrini y Pav\u00f3n,  donde un autom\u00f3vil Volkswagen Gol Trent en la que circulaba un joven oriundo de la vecna localidad de Baradero es impactado por una motocicleta 110  cc en al que circulaba un hombre mayor de edad. Como resultado del choque el motociclista fue trasladado al nosocomio local por el SAME pero afortunadamente no presentaba heridas de consideracion.<\/p>\n\n\n\n<p>En ambos casos intervino polic\u00eda cient\u00edfica, inspecci\u00f3n y la ambulancia del SAME.<\/p>\n\n\n\n<figure class=\"wp-block-image size-large\"><img decoding=\"async\" width=\"1024\" height=\"498\" data-attachment-id=\"94782\" data-permalink=\"https:\/\/eldiariodesanpedro.com.ar\/sitio\/ocurrieron-dos-accidentes-de-transito-en-la-tarde-de-este-viernes\/whatsapp-image-2021-06-25-at-19-06-58\/\" data-orig-file=\"https:\/\/eldiariodesanpedro.com.ar\/sitio\/wp-content\/uploads\/2021\/06\/WhatsApp-Image-2021-06-25-at-19.06.58.jpeg\" data-orig-size=\"1280,622\" data-comments-opened=\"1\" data-image-meta=\"{&quot;aperture&quot;:&quot;0&quot;,&quot;credit&quot;:&quot;&quot;,&quot;camera&quot;:&quot;&quot;,&quot;caption&quot;:&quot;&quot;,&quot;created_timestamp&quot;:&quot;0&quot;,&quot;copyright&quot;:&quot;&quot;,&quot;focal_length&quot;:&quot;0&quot;,&quot;iso&quot;:&quot;0&quot;,&quot;shutter_speed&quot;:&quot;0&quot;,&quot;title&quot;:&quot;&quot;,&quot;orientation&quot;:&quot;0&quot;}\" data-image-title=\"WhatsApp Image 2021-06-25 at 19.06.58\" data-image-description=\"\" data-image-caption=\"\" data-large-file=\"https:\/\/eldiariodesanpedro.com.ar\/sitio\/wp-content\/uploads\/2021\/06\/WhatsApp-Image-2021-06-25-at-19.06.58-1024x498.jpeg\" data-src=\"https:\/\/eldiariodesanpedro.com.ar\/sitio\/wp-content\/uploads\/2021\/06\/WhatsApp-Image-2021-06-25-at-19.06.58-1024x498.jpeg\" alt=\"\" class=\"wp-image-94782 lazyload\" data-srcset=\"https:\/\/eldiariodesanpedro.com.ar\/sitio\/wp-content\/uploads\/2021\/06\/WhatsApp-Image-2021-06-25-at-19.06.58-1024x498.jpeg 1024w, https:\/\/eldiariodesanpedro.com.ar\/sitio\/wp-content\/uploads\/2021\/06\/WhatsApp-Image-2021-06-25-at-19.06.58-300x146.jpeg 300w, https:\/\/eldiariodesanpedro.com.ar\/sitio\/wp-content\/uploads\/2021\/06\/WhatsApp-Image-2021-06-25-at-19.06.58-768x373.jpeg 768w, https:\/\/eldiariodesanpedro.com.ar\/sitio\/wp-content\/uploads\/2021\/06\/WhatsApp-Image-2021-06-25-at-19.06.58.jpeg 1280w\" data-sizes=\"(max-width: 1024px) 100vw, 1024px\" src=\"data:image\/svg+xml;base64,PHN2ZyB3aWR0aD0iMSIgaGVpZ2h0PSIxIiB4bWxucz0iaHR0cDovL3d3dy53My5vcmcvMjAwMC9zdmciPjwvc3ZnPg==\" style=\"--smush-placeholder-width: 1024px; --smush-placeholder-aspect-ratio: 1024\/498;\" \/><\/figure>\n","protected":false},"excerpt":{"rendered":"<p>En la jornada de hoy en horas de la tarde ocurrieron dos siniestros viales donde estuvieron involucrados motocicletas, resultando sus ocupantes heridos. El primero de ellos tuvo lugar en la esquina de 25 de mayo y Boulevard Moreno alrededor de las 15 hs donde en los \u00faltimos d\u00edas ya hab\u00edan ocurrido otros accidentes similares. En [&hellip;]<\/p>\n","protected":false},"author":4,"featured_media":94783,"comment_status":"open","ping_status":"closed","sticky":false,"template":"","format":"standard","meta":{"om_disable_all_campaigns":false,"_jetpack_memberships_contains_paid_content":false,"footnotes":""},"categories":[50,2,103],"tags":[],"class_list":["post-94781","post","type-post","status-publish","format-standard","has-post-thumbnail","hentry","category-destacadas","category-locales","category-policiales-locales"],"aioseo_notices":[],"gutentor_comment":0,"jetpack_featured_media_url":"https:\/\/eldiariodesanpedro.com.ar\/sitio\/wp-content\/uploads\/2021\/06\/WhatsApp-Image-2021-06-25-at-19.06.59.jpeg","jetpack_shortlink":"https:\/\/wp.me\/p6RhLt-oEJ","jetpack_sharing_enabled":true,"_links":{"self":[{"href":"https:\/\/eldiariodesanpedro.com.ar\/sitio\/wp-json\/wp\/v2\/posts\/94781","targetHints":{"allow":["GET"]}}],"collection":[{"href":"https:\/\/eldiariodesanpedro.com.ar\/sitio\/wp-json\/wp\/v2\/posts"}],"about":[{"href":"https:\/\/eldiariodesanpedro.com.ar\/sitio\/wp-json\/wp\/v2\/types\/post"}],"author":[{"embeddable":true,"href":"https:\/\/eldiariodesanpedro.com.ar\/sitio\/wp-json\/wp\/v2\/users\/4"}],"replies":[{"embeddable":true,"href":"https:\/\/eldiariodesanpedro.com.ar\/sitio\/wp-json\/wp\/v2\/comments?post=94781"}],"version-history":[{"count":1,"href":"https:\/\/eldiariodesanpedro.com.ar\/sitio\/wp-json\/wp\/v2\/posts\/94781\/revisions"}],"predecessor-version":[{"id":94784,"href":"https:\/\/eldiariodesanpedro.com.ar\/sitio\/wp-json\/wp\/v2\/posts\/94781\/revisions\/94784"}],"wp:featuredmedia":[{"embeddable":true,"href":"https:\/\/eldiariodesanpedro.com.ar\/sitio\/wp-json\/wp\/v2\/media\/94783"}],"wp:attachment":[{"href":"https:\/\/eldiariodesanpedro.com.ar\/sitio\/wp-json\/wp\/v2\/media?parent=94781"}],"wp:term":[{"taxonomy":"category","embeddable":true,"href":"https:\/\/eldiariodesanpedro.com.ar\/sitio\/wp-json\/wp\/v2\/categories?post=94781"},{"taxonomy":"post_tag","embeddable":true,"href":"https:\/\/eldiariodesanpedro.com.ar\/sitio\/wp-json\/wp\/v2\/tags?post=94781"}],"curies":[{"name":"wp","href":"https:\/\/api.w.org\/{rel}","templated":true}]}}