{"id":94777,"date":"2021-06-25T18:56:00","date_gmt":"2021-06-25T21:56:00","guid":{"rendered":"https:\/\/eldiariodesanpedro.com.ar\/sitio\/?p=94777"},"modified":"2021-06-25T18:56:04","modified_gmt":"2021-06-25T21:56:04","slug":"vacunacion-libre-para-todos-los-mayores-de-50-a-partir-de-manana","status":"publish","type":"post","link":"https:\/\/eldiariodesanpedro.com.ar\/sitio\/vacunacion-libre-para-todos-los-mayores-de-50-a-partir-de-manana\/","title":{"rendered":"Vacunaci\u00f3n libre para todos los mayores de 50 a partir de ma\u00f1ana"},"content":{"rendered":"<!-- VideographyWP Plugin Message: Automatic video embedding prevented by plugin options. -->\n\n<p>Desde este s\u00e1bado 26 de junio,&nbsp;<strong>todos los mayores de 50 a\u00f1os de la provincia de Buenos Aires pueden acercarse sin turno previo<\/strong>&nbsp;a los centros de vacunaci\u00f3n para recibir la primera dosis de la&nbsp;<strong>vacuna contra la covid-19<\/strong>. Solo deben llevar un DNI que acredite domicilio en territorio bonaerense.<\/p>\n\n\n\n<p>\u00abA partir de ma\u00f1ana, hay vacuna libre para todos los mayores de 50 a\u00f1os en la Provincia de Buenos Aires\u00bb,&nbsp;<strong>anunci\u00f3 Axel Kicillof.<\/strong><\/p>\n\n\n\n<p>El mandatario destac\u00f3 que la provincia \u201cfue pionera\u201d en la convocatoria libre a personas que se quieran vacunar y que cumplan los requisitos de edad que el gobierno anuncia por etapas. \u201cEs algo que funcion\u00f3 muy bien\u201d y que permiti\u00f3 que en todo el territorio bonaerense haya 6 millones de personas vacunadas con al menos una dosis.<\/p>\n\n\n\n<p>\u201cA partir de ma\u00f1ana, DNI en mano y te acerc\u00e1s a un centro de vacunaci\u00f3n\u201d, convoc\u00f3 el mandatario y exhort\u00f3 a los in tendentes a \u201csalir a buscar a la poblaci\u00f3n m\u00e1s vulnerable\u201d para que se vacune.<\/p>\n\n\n\n<p>\u201cNuestro lema es que \u2018no hay campa\u00f1a electoral sino campa\u00f1a de vacunaci\u00f3n\u2019. As\u00ed que a vacunar, a vacunar y a vacunar\u201d, enfatiz\u00f3 el mandatario.<\/p>\n\n\n\n<p>En San Pedro podes comunicarte con el Vacunatorio ubicado en el Centro de Jubilado, comun\u00edcate todos los d\u00edas, con un mensaje al 3329317575 o por mail a <a href=\"mailto:vacunatesanpedro@gmail.com\">vacunatesanpedro@gmail.com<\/a><\/p>\n\n\n\n<figure class=\"wp-block-image size-large\"><img decoding=\"async\" width=\"1024\" height=\"724\" data-attachment-id=\"94778\" data-permalink=\"https:\/\/eldiariodesanpedro.com.ar\/sitio\/vacunacion-libre-para-todos-los-mayores-de-50-a-partir-de-manana\/206768305_4118127308281913_740143563936753044_n\/\" data-orig-file=\"https:\/\/eldiariodesanpedro.com.ar\/sitio\/wp-content\/uploads\/2021\/06\/206768305_4118127308281913_740143563936753044_n.jpg\" data-orig-size=\"1080,764\" data-comments-opened=\"1\" data-image-meta=\"{&quot;aperture&quot;:&quot;0&quot;,&quot;credit&quot;:&quot;&quot;,&quot;camera&quot;:&quot;&quot;,&quot;caption&quot;:&quot;&quot;,&quot;created_timestamp&quot;:&quot;0&quot;,&quot;copyright&quot;:&quot;&quot;,&quot;focal_length&quot;:&quot;0&quot;,&quot;iso&quot;:&quot;0&quot;,&quot;shutter_speed&quot;:&quot;0&quot;,&quot;title&quot;:&quot;&quot;,&quot;orientation&quot;:&quot;0&quot;}\" data-image-title=\"206768305_4118127308281913_740143563936753044_n\" data-image-description=\"\" data-image-caption=\"\" data-large-file=\"https:\/\/eldiariodesanpedro.com.ar\/sitio\/wp-content\/uploads\/2021\/06\/206768305_4118127308281913_740143563936753044_n-1024x724.jpg\" data-src=\"https:\/\/eldiariodesanpedro.com.ar\/sitio\/wp-content\/uploads\/2021\/06\/206768305_4118127308281913_740143563936753044_n-1024x724.jpg\" alt=\"\" class=\"wp-image-94778 lazyload\" data-srcset=\"https:\/\/eldiariodesanpedro.com.ar\/sitio\/wp-content\/uploads\/2021\/06\/206768305_4118127308281913_740143563936753044_n-1024x724.jpg 1024w, https:\/\/eldiariodesanpedro.com.ar\/sitio\/wp-content\/uploads\/2021\/06\/206768305_4118127308281913_740143563936753044_n-300x212.jpg 300w, https:\/\/eldiariodesanpedro.com.ar\/sitio\/wp-content\/uploads\/2021\/06\/206768305_4118127308281913_740143563936753044_n-768x543.jpg 768w, https:\/\/eldiariodesanpedro.com.ar\/sitio\/wp-content\/uploads\/2021\/06\/206768305_4118127308281913_740143563936753044_n.jpg 1080w\" data-sizes=\"(max-width: 1024px) 100vw, 1024px\" src=\"data:image\/svg+xml;base64,PHN2ZyB3aWR0aD0iMSIgaGVpZ2h0PSIxIiB4bWxucz0iaHR0cDovL3d3dy53My5vcmcvMjAwMC9zdmciPjwvc3ZnPg==\" style=\"--smush-placeholder-width: 1024px; --smush-placeholder-aspect-ratio: 1024\/724;\" \/><\/figure>\n","protected":false},"excerpt":{"rendered":"<p>Desde este s\u00e1bado 26 de junio,&nbsp;todos los mayores de 50 a\u00f1os de la provincia de Buenos Aires pueden acercarse sin turno previo&nbsp;a los centros de vacunaci\u00f3n para recibir la primera dosis de la&nbsp;vacuna contra la covid-19. Solo deben llevar un DNI que acredite domicilio en territorio bonaerense. \u00abA partir de ma\u00f1ana, hay vacuna libre para [&hellip;]<\/p>\n","protected":false},"author":4,"featured_media":89714,"comment_status":"open","ping_status":"closed","sticky":false,"template":"","format":"standard","meta":{"om_disable_all_campaigns":false,"_jetpack_memberships_contains_paid_content":false,"footnotes":""},"categories":[2],"tags":[],"class_list":["post-94777","post","type-post","status-publish","format-standard","has-post-thumbnail","hentry","category-locales"],"aioseo_notices":[],"gutentor_comment":0,"jetpack_featured_media_url":"https:\/\/eldiariodesanpedro.com.ar\/sitio\/wp-content\/uploads\/2021\/03\/000090625.jpg","jetpack_shortlink":"https:\/\/wp.me\/p6RhLt-oEF","jetpack_sharing_enabled":true,"_links":{"self":[{"href":"https:\/\/eldiariodesanpedro.com.ar\/sitio\/wp-json\/wp\/v2\/posts\/94777","targetHints":{"allow":["GET"]}}],"collection":[{"href":"https:\/\/eldiariodesanpedro.com.ar\/sitio\/wp-json\/wp\/v2\/posts"}],"about":[{"href":"https:\/\/eldiariodesanpedro.com.ar\/sitio\/wp-json\/wp\/v2\/types\/post"}],"author":[{"embeddable":true,"href":"https:\/\/eldiariodesanpedro.com.ar\/sitio\/wp-json\/wp\/v2\/users\/4"}],"replies":[{"embeddable":true,"href":"https:\/\/eldiariodesanpedro.com.ar\/sitio\/wp-json\/wp\/v2\/comments?post=94777"}],"version-history":[{"count":1,"href":"https:\/\/eldiariodesanpedro.com.ar\/sitio\/wp-json\/wp\/v2\/posts\/94777\/revisions"}],"predecessor-version":[{"id":94779,"href":"https:\/\/eldiariodesanpedro.com.ar\/sitio\/wp-json\/wp\/v2\/posts\/94777\/revisions\/94779"}],"wp:featuredmedia":[{"embeddable":true,"href":"https:\/\/eldiariodesanpedro.com.ar\/sitio\/wp-json\/wp\/v2\/media\/89714"}],"wp:attachment":[{"href":"https:\/\/eldiariodesanpedro.com.ar\/sitio\/wp-json\/wp\/v2\/media?parent=94777"}],"wp:term":[{"taxonomy":"category","embeddable":true,"href":"https:\/\/eldiariodesanpedro.com.ar\/sitio\/wp-json\/wp\/v2\/categories?post=94777"},{"taxonomy":"post_tag","embeddable":true,"href":"https:\/\/eldiariodesanpedro.com.ar\/sitio\/wp-json\/wp\/v2\/tags?post=94777"}],"curies":[{"name":"wp","href":"https:\/\/api.w.org\/{rel}","templated":true}]}}