{"id":94770,"date":"2021-06-25T18:40:19","date_gmt":"2021-06-25T21:40:19","guid":{"rendered":"https:\/\/eldiariodesanpedro.com.ar\/sitio\/?p=94770"},"modified":"2021-06-25T18:40:24","modified_gmt":"2021-06-25T21:40:24","slug":"el-ministro-gollan-reconocio-el-trabajo-realizado-por-el-equipo-de-salud-en-la-pandemia","status":"publish","type":"post","link":"https:\/\/eldiariodesanpedro.com.ar\/sitio\/el-ministro-gollan-reconocio-el-trabajo-realizado-por-el-equipo-de-salud-en-la-pandemia\/","title":{"rendered":"El Ministro Goll\u00e1n reconoci\u00f3 el trabajo realizado por el equipo de salud en la pandemia"},"content":{"rendered":"<!-- VideographyWP Plugin Message: Automatic video embedding prevented by plugin options. -->\n\n<p>El Intendente Cecilio Salazar recibi\u00f3 este viernes al Ministro de Salud de la Provincia de Buenos Aires Dr. Daniel Goll\u00e1n, acompa\u00f1ado por el Senador Provincial Facundo Ballesteros, el Jefe de Gabinete del Ministerio Salvador Giorgi y funcionarios provinciales, para una reuni\u00f3n en el despacho oficial, una recorrida por el Vacunatorio y por el Hospital Emilio Ruffa.<\/p>\n\n\n\n<p>En un momento trascendente de la Pandemia, el Intendente destac\u00f3 en una conferencia de prensa ofrecida en el patio del hospital, el contundente respaldo del gobierno provincial encabezado por Axel Kicillof desde todas sus \u00e1reas y especialmente desde el sector conducido por el Dr. Goll\u00e1n.<\/p>\n\n\n\n<p>Junto a Salazar, autoridades de Regi\u00f3n Sanitaria, miembros de su gabinete y el equipo de salud encabezado por el Dr. Daniel Creus, Secretario de Salud, recorrieron adem\u00e1s las obras en el Hospital y hablaron sobre la situaci\u00f3n espec\u00edfica del sistema sanitario sampedrino.<\/p>\n\n\n\n<p>El ministro, con 32 a\u00f1os de experiencia en la salud p\u00fablica expres\u00f3, \u00abNos llevamos una excelente impresi\u00f3n con un ambiente de armon\u00eda y trabajo en conjunto, poniendo por delante la atenci\u00f3n de la Pandemia con una eficiencia y un compromiso que conmueve\u00bb.<\/p>\n\n\n\n<p>Respald\u00f3 las obras en marcha remarcando que, no s\u00f3lo en San Pedro se est\u00e1n ejecutando obras en tiempos de Pandemia, y confirm\u00f3 la continuidad de proyectos de ampliaciones en todo el territorio provincial, tanto en Hospitales como en Centros de Atenci\u00f3n Primaria.<\/p>\n\n\n\n<p>\u00abLa pandemia no detiene la necesidad de desarrollar la infraestructura, y pusimos en valor la necesidad de trabajar por la salud en Argentina. Con el Intendente Salazar y su equipo hemos hablado de ideas y proyectos para desarrollar pensando en toda la regi\u00f3n, con el objetivo de que todas las personas tengan una atenci\u00f3n como la que merecen\u00bb.<\/p>\n\n\n\n<p>Ante los medios de la regi\u00f3n traslad\u00f3 tranquilidad a todos los vecinos y vecinas sobre las certezas en el cumplimiento de los esquemas de vacunaci\u00f3n respetando los tiempos de cada una de las dosis, justific\u00f3 las decisiones tomadas en los primeros meses de confinamiento para evitar el colapso del sistema y reiter\u00f3 el pedido a toda la poblaci\u00f3n de que se inscriban y en aquellos en los qua ya pueden hacerlo, se vacunen.<\/p>\n\n\n\n<p>La visita coincidi\u00f3 con el anuncio del Gobernador de la apertura desde este s\u00e1bado 26 de junio de la vacunaci\u00f3n libre a embarazadas y mayores de 50 a\u00f1os que no hayan recibido la primera dosis.<\/p>\n\n\n\n<p>Con relaci\u00f3n a temas de agenda local, tom\u00f3 nota de solicitudes puntuales para la ampliaci\u00f3n del laboratorio del Hospital, el env\u00edo de m\u00e1s camas e infraestructura para la Terapia Intensiva y elementos para los hospitales de las localidades, entre otros.<\/p>\n\n\n\n<p>Tambi\u00e9n comprometi\u00f3 la colaboraci\u00f3n del Ministerio de Salud de la Provincia en la b\u00fasqueda de alternativas similares a las que permitieron el salvataje de cl\u00ednicas privadas en situaci\u00f3n de crisis, respondiendo a consultas sobre la actualidad de la Cl\u00ednica San Pedro que podr\u00eda encuadrarse en un plan que involucre al PAMI y a la Obra Social de la Provincia de Buenos Aires, IOMA.<\/p>\n\n\n\n<figure class=\"wp-block-image size-large\"><img decoding=\"async\" width=\"1024\" height=\"418\" data-attachment-id=\"94773\" data-permalink=\"https:\/\/eldiariodesanpedro.com.ar\/sitio\/el-ministro-gollan-reconocio-el-trabajo-realizado-por-el-equipo-de-salud-en-la-pandemia\/whatsapp-image-2021-06-25-at-18-26-10\/\" data-orig-file=\"https:\/\/eldiariodesanpedro.com.ar\/sitio\/wp-content\/uploads\/2021\/06\/WhatsApp-Image-2021-06-25-at-18.26.10.jpeg\" data-orig-size=\"1280,523\" data-comments-opened=\"1\" data-image-meta=\"{&quot;aperture&quot;:&quot;0&quot;,&quot;credit&quot;:&quot;&quot;,&quot;camera&quot;:&quot;&quot;,&quot;caption&quot;:&quot;&quot;,&quot;created_timestamp&quot;:&quot;0&quot;,&quot;copyright&quot;:&quot;&quot;,&quot;focal_length&quot;:&quot;0&quot;,&quot;iso&quot;:&quot;0&quot;,&quot;shutter_speed&quot;:&quot;0&quot;,&quot;title&quot;:&quot;&quot;,&quot;orientation&quot;:&quot;0&quot;}\" data-image-title=\"WhatsApp Image 2021-06-25 at 18.26.10\" data-image-description=\"\" data-image-caption=\"\" data-large-file=\"https:\/\/eldiariodesanpedro.com.ar\/sitio\/wp-content\/uploads\/2021\/06\/WhatsApp-Image-2021-06-25-at-18.26.10-1024x418.jpeg\" data-src=\"https:\/\/eldiariodesanpedro.com.ar\/sitio\/wp-content\/uploads\/2021\/06\/WhatsApp-Image-2021-06-25-at-18.26.10-1024x418.jpeg\" alt=\"\" class=\"wp-image-94773 lazyload\" data-srcset=\"https:\/\/eldiariodesanpedro.com.ar\/sitio\/wp-content\/uploads\/2021\/06\/WhatsApp-Image-2021-06-25-at-18.26.10-1024x418.jpeg 1024w, https:\/\/eldiariodesanpedro.com.ar\/sitio\/wp-content\/uploads\/2021\/06\/WhatsApp-Image-2021-06-25-at-18.26.10-300x123.jpeg 300w, https:\/\/eldiariodesanpedro.com.ar\/sitio\/wp-content\/uploads\/2021\/06\/WhatsApp-Image-2021-06-25-at-18.26.10-768x314.jpeg 768w, https:\/\/eldiariodesanpedro.com.ar\/sitio\/wp-content\/uploads\/2021\/06\/WhatsApp-Image-2021-06-25-at-18.26.10.jpeg 1280w\" data-sizes=\"(max-width: 1024px) 100vw, 1024px\" src=\"data:image\/svg+xml;base64,PHN2ZyB3aWR0aD0iMSIgaGVpZ2h0PSIxIiB4bWxucz0iaHR0cDovL3d3dy53My5vcmcvMjAwMC9zdmciPjwvc3ZnPg==\" style=\"--smush-placeholder-width: 1024px; --smush-placeholder-aspect-ratio: 1024\/418;\" \/><\/figure>\n\n\n\n<figure class=\"wp-block-image size-large\"><img decoding=\"async\" width=\"1024\" height=\"682\" data-attachment-id=\"94774\" data-permalink=\"https:\/\/eldiariodesanpedro.com.ar\/sitio\/el-ministro-gollan-reconocio-el-trabajo-realizado-por-el-equipo-de-salud-en-la-pandemia\/whatsapp-image-2021-06-25-at-18-26-13\/\" data-orig-file=\"https:\/\/eldiariodesanpedro.com.ar\/sitio\/wp-content\/uploads\/2021\/06\/WhatsApp-Image-2021-06-25-at-18.26.13.jpeg\" data-orig-size=\"1280,853\" data-comments-opened=\"1\" data-image-meta=\"{&quot;aperture&quot;:&quot;0&quot;,&quot;credit&quot;:&quot;&quot;,&quot;camera&quot;:&quot;&quot;,&quot;caption&quot;:&quot;&quot;,&quot;created_timestamp&quot;:&quot;0&quot;,&quot;copyright&quot;:&quot;&quot;,&quot;focal_length&quot;:&quot;0&quot;,&quot;iso&quot;:&quot;0&quot;,&quot;shutter_speed&quot;:&quot;0&quot;,&quot;title&quot;:&quot;&quot;,&quot;orientation&quot;:&quot;0&quot;}\" data-image-title=\"WhatsApp Image 2021-06-25 at 18.26.13\" data-image-description=\"\" data-image-caption=\"\" data-large-file=\"https:\/\/eldiariodesanpedro.com.ar\/sitio\/wp-content\/uploads\/2021\/06\/WhatsApp-Image-2021-06-25-at-18.26.13-1024x682.jpeg\" data-src=\"https:\/\/eldiariodesanpedro.com.ar\/sitio\/wp-content\/uploads\/2021\/06\/WhatsApp-Image-2021-06-25-at-18.26.13-1024x682.jpeg\" alt=\"\" class=\"wp-image-94774 lazyload\" data-srcset=\"https:\/\/eldiariodesanpedro.com.ar\/sitio\/wp-content\/uploads\/2021\/06\/WhatsApp-Image-2021-06-25-at-18.26.13-1024x682.jpeg 1024w, https:\/\/eldiariodesanpedro.com.ar\/sitio\/wp-content\/uploads\/2021\/06\/WhatsApp-Image-2021-06-25-at-18.26.13-300x200.jpeg 300w, https:\/\/eldiariodesanpedro.com.ar\/sitio\/wp-content\/uploads\/2021\/06\/WhatsApp-Image-2021-06-25-at-18.26.13-768x512.jpeg 768w, https:\/\/eldiariodesanpedro.com.ar\/sitio\/wp-content\/uploads\/2021\/06\/WhatsApp-Image-2021-06-25-at-18.26.13.jpeg 1280w\" data-sizes=\"(max-width: 1024px) 100vw, 1024px\" src=\"data:image\/svg+xml;base64,PHN2ZyB3aWR0aD0iMSIgaGVpZ2h0PSIxIiB4bWxucz0iaHR0cDovL3d3dy53My5vcmcvMjAwMC9zdmciPjwvc3ZnPg==\" style=\"--smush-placeholder-width: 1024px; --smush-placeholder-aspect-ratio: 1024\/682;\" \/><\/figure>\n\n\n\n<figure class=\"wp-block-image size-large\"><img decoding=\"async\" width=\"1024\" height=\"682\" data-attachment-id=\"94772\" data-permalink=\"https:\/\/eldiariodesanpedro.com.ar\/sitio\/el-ministro-gollan-reconocio-el-trabajo-realizado-por-el-equipo-de-salud-en-la-pandemia\/whatsapp-image-2021-06-25-at-18-26-09\/\" data-orig-file=\"https:\/\/eldiariodesanpedro.com.ar\/sitio\/wp-content\/uploads\/2021\/06\/WhatsApp-Image-2021-06-25-at-18.26.09.jpeg\" data-orig-size=\"1280,853\" data-comments-opened=\"1\" data-image-meta=\"{&quot;aperture&quot;:&quot;0&quot;,&quot;credit&quot;:&quot;&quot;,&quot;camera&quot;:&quot;&quot;,&quot;caption&quot;:&quot;&quot;,&quot;created_timestamp&quot;:&quot;0&quot;,&quot;copyright&quot;:&quot;&quot;,&quot;focal_length&quot;:&quot;0&quot;,&quot;iso&quot;:&quot;0&quot;,&quot;shutter_speed&quot;:&quot;0&quot;,&quot;title&quot;:&quot;&quot;,&quot;orientation&quot;:&quot;0&quot;}\" data-image-title=\"WhatsApp Image 2021-06-25 at 18.26.09\" data-image-description=\"\" data-image-caption=\"\" data-large-file=\"https:\/\/eldiariodesanpedro.com.ar\/sitio\/wp-content\/uploads\/2021\/06\/WhatsApp-Image-2021-06-25-at-18.26.09-1024x682.jpeg\" data-src=\"https:\/\/eldiariodesanpedro.com.ar\/sitio\/wp-content\/uploads\/2021\/06\/WhatsApp-Image-2021-06-25-at-18.26.09-1024x682.jpeg\" alt=\"\" class=\"wp-image-94772 lazyload\" data-srcset=\"https:\/\/eldiariodesanpedro.com.ar\/sitio\/wp-content\/uploads\/2021\/06\/WhatsApp-Image-2021-06-25-at-18.26.09-1024x682.jpeg 1024w, https:\/\/eldiariodesanpedro.com.ar\/sitio\/wp-content\/uploads\/2021\/06\/WhatsApp-Image-2021-06-25-at-18.26.09-300x200.jpeg 300w, https:\/\/eldiariodesanpedro.com.ar\/sitio\/wp-content\/uploads\/2021\/06\/WhatsApp-Image-2021-06-25-at-18.26.09-768x512.jpeg 768w, https:\/\/eldiariodesanpedro.com.ar\/sitio\/wp-content\/uploads\/2021\/06\/WhatsApp-Image-2021-06-25-at-18.26.09.jpeg 1280w\" data-sizes=\"(max-width: 1024px) 100vw, 1024px\" src=\"data:image\/svg+xml;base64,PHN2ZyB3aWR0aD0iMSIgaGVpZ2h0PSIxIiB4bWxucz0iaHR0cDovL3d3dy53My5vcmcvMjAwMC9zdmciPjwvc3ZnPg==\" style=\"--smush-placeholder-width: 1024px; --smush-placeholder-aspect-ratio: 1024\/682;\" \/><\/figure>\n\n\n\n<figure class=\"wp-block-image size-large\"><img decoding=\"async\" width=\"1024\" height=\"682\" data-attachment-id=\"94771\" data-permalink=\"https:\/\/eldiariodesanpedro.com.ar\/sitio\/el-ministro-gollan-reconocio-el-trabajo-realizado-por-el-equipo-de-salud-en-la-pandemia\/whatsapp-image-2021-06-25-at-18-26-08\/\" data-orig-file=\"https:\/\/eldiariodesanpedro.com.ar\/sitio\/wp-content\/uploads\/2021\/06\/WhatsApp-Image-2021-06-25-at-18.26.08.jpeg\" data-orig-size=\"1280,853\" data-comments-opened=\"1\" data-image-meta=\"{&quot;aperture&quot;:&quot;0&quot;,&quot;credit&quot;:&quot;&quot;,&quot;camera&quot;:&quot;&quot;,&quot;caption&quot;:&quot;&quot;,&quot;created_timestamp&quot;:&quot;0&quot;,&quot;copyright&quot;:&quot;&quot;,&quot;focal_length&quot;:&quot;0&quot;,&quot;iso&quot;:&quot;0&quot;,&quot;shutter_speed&quot;:&quot;0&quot;,&quot;title&quot;:&quot;&quot;,&quot;orientation&quot;:&quot;0&quot;}\" data-image-title=\"WhatsApp Image 2021-06-25 at 18.26.08\" data-image-description=\"\" data-image-caption=\"\" data-large-file=\"https:\/\/eldiariodesanpedro.com.ar\/sitio\/wp-content\/uploads\/2021\/06\/WhatsApp-Image-2021-06-25-at-18.26.08-1024x682.jpeg\" data-src=\"https:\/\/eldiariodesanpedro.com.ar\/sitio\/wp-content\/uploads\/2021\/06\/WhatsApp-Image-2021-06-25-at-18.26.08-1024x682.jpeg\" alt=\"\" class=\"wp-image-94771 lazyload\" data-srcset=\"https:\/\/eldiariodesanpedro.com.ar\/sitio\/wp-content\/uploads\/2021\/06\/WhatsApp-Image-2021-06-25-at-18.26.08-1024x682.jpeg 1024w, https:\/\/eldiariodesanpedro.com.ar\/sitio\/wp-content\/uploads\/2021\/06\/WhatsApp-Image-2021-06-25-at-18.26.08-300x200.jpeg 300w, https:\/\/eldiariodesanpedro.com.ar\/sitio\/wp-content\/uploads\/2021\/06\/WhatsApp-Image-2021-06-25-at-18.26.08-768x512.jpeg 768w, https:\/\/eldiariodesanpedro.com.ar\/sitio\/wp-content\/uploads\/2021\/06\/WhatsApp-Image-2021-06-25-at-18.26.08.jpeg 1280w\" data-sizes=\"(max-width: 1024px) 100vw, 1024px\" src=\"data:image\/svg+xml;base64,PHN2ZyB3aWR0aD0iMSIgaGVpZ2h0PSIxIiB4bWxucz0iaHR0cDovL3d3dy53My5vcmcvMjAwMC9zdmciPjwvc3ZnPg==\" style=\"--smush-placeholder-width: 1024px; --smush-placeholder-aspect-ratio: 1024\/682;\" \/><\/figure>\n","protected":false},"excerpt":{"rendered":"<p>El Intendente Cecilio Salazar recibi\u00f3 este viernes al Ministro de Salud de la Provincia de Buenos Aires Dr. Daniel Goll\u00e1n, acompa\u00f1ado por el Senador Provincial Facundo Ballesteros, el Jefe de Gabinete del Ministerio Salvador Giorgi y funcionarios provinciales, para una reuni\u00f3n en el despacho oficial, una recorrida por el Vacunatorio y por el Hospital Emilio [&hellip;]<\/p>\n","protected":false},"author":4,"featured_media":94775,"comment_status":"open","ping_status":"closed","sticky":false,"template":"","format":"standard","meta":{"om_disable_all_campaigns":false,"_jetpack_memberships_contains_paid_content":false,"footnotes":""},"categories":[50,101,2],"tags":[],"class_list":["post-94770","post","type-post","status-publish","format-standard","has-post-thumbnail","hentry","category-destacadas","category-interes-general-locales","category-locales"],"aioseo_notices":[],"gutentor_comment":0,"jetpack_featured_media_url":"https:\/\/eldiariodesanpedro.com.ar\/sitio\/wp-content\/uploads\/2021\/06\/WhatsApp-Image-2021-06-25-at-18.26.14.jpeg","jetpack_shortlink":"https:\/\/wp.me\/p6RhLt-oEy","jetpack_sharing_enabled":true,"_links":{"self":[{"href":"https:\/\/eldiariodesanpedro.com.ar\/sitio\/wp-json\/wp\/v2\/posts\/94770","targetHints":{"allow":["GET"]}}],"collection":[{"href":"https:\/\/eldiariodesanpedro.com.ar\/sitio\/wp-json\/wp\/v2\/posts"}],"about":[{"href":"https:\/\/eldiariodesanpedro.com.ar\/sitio\/wp-json\/wp\/v2\/types\/post"}],"author":[{"embeddable":true,"href":"https:\/\/eldiariodesanpedro.com.ar\/sitio\/wp-json\/wp\/v2\/users\/4"}],"replies":[{"embeddable":true,"href":"https:\/\/eldiariodesanpedro.com.ar\/sitio\/wp-json\/wp\/v2\/comments?post=94770"}],"version-history":[{"count":1,"href":"https:\/\/eldiariodesanpedro.com.ar\/sitio\/wp-json\/wp\/v2\/posts\/94770\/revisions"}],"predecessor-version":[{"id":94776,"href":"https:\/\/eldiariodesanpedro.com.ar\/sitio\/wp-json\/wp\/v2\/posts\/94770\/revisions\/94776"}],"wp:featuredmedia":[{"embeddable":true,"href":"https:\/\/eldiariodesanpedro.com.ar\/sitio\/wp-json\/wp\/v2\/media\/94775"}],"wp:attachment":[{"href":"https:\/\/eldiariodesanpedro.com.ar\/sitio\/wp-json\/wp\/v2\/media?parent=94770"}],"wp:term":[{"taxonomy":"category","embeddable":true,"href":"https:\/\/eldiariodesanpedro.com.ar\/sitio\/wp-json\/wp\/v2\/categories?post=94770"},{"taxonomy":"post_tag","embeddable":true,"href":"https:\/\/eldiariodesanpedro.com.ar\/sitio\/wp-json\/wp\/v2\/tags?post=94770"}],"curies":[{"name":"wp","href":"https:\/\/api.w.org\/{rel}","templated":true}]}}