{"id":94765,"date":"2021-06-25T11:39:31","date_gmt":"2021-06-25T14:39:31","guid":{"rendered":"https:\/\/eldiariodesanpedro.com.ar\/sitio\/?p=94765"},"modified":"2021-06-25T11:39:36","modified_gmt":"2021-06-25T14:39:36","slug":"marcela-cuner-absorbera-la-direccion-de-cultura-tras-la-salida-de-majo-mora","status":"publish","type":"post","link":"https:\/\/eldiariodesanpedro.com.ar\/sitio\/marcela-cuner-absorbera-la-direccion-de-cultura-tras-la-salida-de-majo-mora\/","title":{"rendered":"Marcela Cu\u00f1er absorber\u00e1 la Direcci\u00f3n de Cultura tras la salida de Majo Mora"},"content":{"rendered":"<!-- VideographyWP Plugin Message: Automatic video embedding prevented by plugin options. -->\n\n<p>Como estaba previsto y tras la renuncia de Majo Mora que se har\u00e1 efectivo el pr\u00f3ximo 30 de junio el intendente se reuni\u00f3 con Marcea Cu\u00f1er y se decidi\u00f3 que por el momento la Direcci\u00f3n de Cultura pasara a ser parte de la Secretaria de Turismo y ser\u00e1 dirigida por la actual Secretaria.<\/p>\n\n\n\n<p>La direcci\u00f3n de Cultura, junto con el \u00e1rea de Deportes, dependen, seg\u00fan el organigrama municipal, de la Secretar\u00eda de Desarrollo Humano que conduce hoy Walter S\u00e1nchez. Sin embargo, tras la renuncia de Majo Mora, el \u00e1rea pasar\u00e1 a depender de la \u00f3rbita de Turismo, que conduce Marcela Cu\u00f1er, seg\u00fan confirm\u00f3.<\/p>\n\n\n\n<p>El alejamiento finalmente oficial del PRO y la UCR de la gesti\u00f3n de Cecilio Salazar trajo aparejada adem\u00e1s la renuncia de funcionarios del gabinete. Este mi\u00e9rcoles,&nbsp;<strong>la directora de Cultura Majo Mora anunci\u00f3 su desvinculaci\u00f3n del cargo a trav\u00e9s de su perfil en Facebook<\/strong>, agradeciendo al intendente la confianza brindada. Incluso el propio jefe comunal reconoci\u00f3, por la misma v\u00eda, su gesti\u00f3n al frente del \u00e1rea.<\/p>\n\n\n\n<p><strong>Salazar y Cu\u00f1er se reunieron para definir nombres y estrategias para el \u00e1rea<\/strong>, en un a\u00f1o electoral, y pensando en que, con el avance de la vacunaci\u00f3n, podr\u00e1n retomarse las actividades casi de manera \u00abnormal\u00bb en los pr\u00f3ximos meses y se decidi\u00f3 que por el momento no habr\u00e1 un remplazante a la salida de Maju Mora.\u00a0<\/p>\n\n\n\n<p>Si bien p\u00fablicamente el tema ha sido evitado y hasta negado, tambi\u00e9n<strong>&nbsp;eran evidentes, para el interior de la gesti\u00f3n, las diferencias entre Mora y Cu\u00f1er<\/strong>, responsables de dos \u00e1reas que deb\u00edan trabajar de manera coordinada y mancomunada. Que el \u00e1rea quede en manos de la segunda es tomado, por muchos, como una victoria de una de las funcionarias que m\u00e1s ha visto crecer sus responsabilidades dentro de la gesti\u00f3n Salazar.&nbsp;<\/p>\n\n\n\n<p>El quite del \u00e1rea a la secretar\u00eda de Desarrollo Humano tambi\u00e9n tiene su impacto en las responsabilidades de Walter S\u00e1nchez, a cargo del \u00e1rea. En efecto la \u00f3rbita de acci\u00f3n de esta cartera ya fue recortada con la creaci\u00f3n de la subsecretar\u00eda de G\u00e9nero, Mujeres y Diversidad un \u00e1rea que, por su complejidad, necesita contar con autonom\u00eda propia.<\/p>\n\n\n\n<p>Fuente: Visi\u00f3n Regional<\/p>\n","protected":false},"excerpt":{"rendered":"<p>Como estaba previsto y tras la renuncia de Majo Mora que se har\u00e1 efectivo el pr\u00f3ximo 30 de junio el intendente se reuni\u00f3 con Marcea Cu\u00f1er y se decidi\u00f3 que por el momento la Direcci\u00f3n de Cultura pasara a ser parte de la Secretaria de Turismo y ser\u00e1 dirigida por la actual Secretaria. La direcci\u00f3n [&hellip;]<\/p>\n","protected":false},"author":4,"featured_media":94766,"comment_status":"open","ping_status":"closed","sticky":false,"template":"","format":"standard","meta":{"om_disable_all_campaigns":false,"_jetpack_memberships_contains_paid_content":false,"footnotes":""},"categories":[101,2],"tags":[],"class_list":["post-94765","post","type-post","status-publish","format-standard","has-post-thumbnail","hentry","category-interes-general-locales","category-locales"],"aioseo_notices":[],"gutentor_comment":0,"jetpack_featured_media_url":"https:\/\/eldiariodesanpedro.com.ar\/sitio\/wp-content\/uploads\/2021\/06\/WhatsApp-Image-2021-01-08-at-15.50.32-1.jpeg","jetpack_shortlink":"https:\/\/wp.me\/p6RhLt-oEt","jetpack_sharing_enabled":true,"_links":{"self":[{"href":"https:\/\/eldiariodesanpedro.com.ar\/sitio\/wp-json\/wp\/v2\/posts\/94765","targetHints":{"allow":["GET"]}}],"collection":[{"href":"https:\/\/eldiariodesanpedro.com.ar\/sitio\/wp-json\/wp\/v2\/posts"}],"about":[{"href":"https:\/\/eldiariodesanpedro.com.ar\/sitio\/wp-json\/wp\/v2\/types\/post"}],"author":[{"embeddable":true,"href":"https:\/\/eldiariodesanpedro.com.ar\/sitio\/wp-json\/wp\/v2\/users\/4"}],"replies":[{"embeddable":true,"href":"https:\/\/eldiariodesanpedro.com.ar\/sitio\/wp-json\/wp\/v2\/comments?post=94765"}],"version-history":[{"count":1,"href":"https:\/\/eldiariodesanpedro.com.ar\/sitio\/wp-json\/wp\/v2\/posts\/94765\/revisions"}],"predecessor-version":[{"id":94767,"href":"https:\/\/eldiariodesanpedro.com.ar\/sitio\/wp-json\/wp\/v2\/posts\/94765\/revisions\/94767"}],"wp:featuredmedia":[{"embeddable":true,"href":"https:\/\/eldiariodesanpedro.com.ar\/sitio\/wp-json\/wp\/v2\/media\/94766"}],"wp:attachment":[{"href":"https:\/\/eldiariodesanpedro.com.ar\/sitio\/wp-json\/wp\/v2\/media?parent=94765"}],"wp:term":[{"taxonomy":"category","embeddable":true,"href":"https:\/\/eldiariodesanpedro.com.ar\/sitio\/wp-json\/wp\/v2\/categories?post=94765"},{"taxonomy":"post_tag","embeddable":true,"href":"https:\/\/eldiariodesanpedro.com.ar\/sitio\/wp-json\/wp\/v2\/tags?post=94765"}],"curies":[{"name":"wp","href":"https:\/\/api.w.org\/{rel}","templated":true}]}}