{"id":94752,"date":"2021-06-25T10:26:27","date_gmt":"2021-06-25T13:26:27","guid":{"rendered":"https:\/\/eldiariodesanpedro.com.ar\/sitio\/?p=94752"},"modified":"2021-06-25T10:26:32","modified_gmt":"2021-06-25T13:26:32","slug":"baradero-rock-en-baradero-si-todo-sigue-asi-habra-festival-en-el-2022","status":"publish","type":"post","link":"https:\/\/eldiariodesanpedro.com.ar\/sitio\/baradero-rock-en-baradero-si-todo-sigue-asi-habra-festival-en-el-2022\/","title":{"rendered":"BARADERO | Rock en Baradero: \u00abSi todo sigue as\u00ed habr\u00e1 festival en el 2022\u00bb"},"content":{"rendered":"<!-- VideographyWP Plugin Message: Automatic video embedding prevented by plugin options. -->\n\n<p>As\u00ed lo retrato Jos\u00e9 Luis Cameron, la cara visible de la productora Gonnago encargada de la realizaci\u00f3n del festival Rock en Baradero, a trav\u00e9s de su cuenta de facebook:<\/p>\n\n\n\n<p><strong><em>Hermosa visita a Baradero y reuniones ! Recorrimos el predio donde hacemos el festival, vimos las mejoras que se est\u00e1n llevando adelante !! Nos llevamos la confirmaci\u00f3n que este verano si todo sigue as\u00ed habr\u00e1 festival! Ya empezamos a trabajar con los equipos para el @RockEnBaradero @gonnagoprod\u00a0<a href=\"https:\/\/www.facebook.com\/hashtag\/rockenbaradero22?__eep__=6&amp;__cft__[0]=AZWfqLaEKAwl_OZmh0dL16auoeUDewJFKtKnYiJTN-pqReVBypxpCdizNnlTNXyN_znR8wuVMOciiQ6exT6bouO_J4bLRpOM0636g3lFMRA41xaT8LL7Fl3pBocmrkOh4Mo&amp;__tn__=*NK-R\">#rockenbaradero22<\/a>\u00a0<a href=\"https:\/\/www.facebook.com\/hashtag\/baradero?__eep__=6&amp;__cft__[0]=AZWfqLaEKAwl_OZmh0dL16auoeUDewJFKtKnYiJTN-pqReVBypxpCdizNnlTNXyN_znR8wuVMOciiQ6exT6bouO_J4bLRpOM0636g3lFMRA41xaT8LL7Fl3pBocmrkOh4Mo&amp;__tn__=*NK-R\">#baradero<\/a>\u00a0<a href=\"https:\/\/www.facebook.com\/hashtag\/reb?__eep__=6&amp;__cft__[0]=AZWfqLaEKAwl_OZmh0dL16auoeUDewJFKtKnYiJTN-pqReVBypxpCdizNnlTNXyN_znR8wuVMOciiQ6exT6bouO_J4bLRpOM0636g3lFMRA41xaT8LL7Fl3pBocmrkOh4Mo&amp;__tn__=*NK-R\">#reb<\/a>\u00a0#2022\u00a0<a href=\"https:\/\/www.facebook.com\/hashtag\/festival?__eep__=6&amp;__cft__[0]=AZWfqLaEKAwl_OZmh0dL16auoeUDewJFKtKnYiJTN-pqReVBypxpCdizNnlTNXyN_znR8wuVMOciiQ6exT6bouO_J4bLRpOM0636g3lFMRA41xaT8LL7Fl3pBocmrkOh4Mo&amp;__tn__=*NK-R\">#festival<\/a>\u00a0<a href=\"https:\/\/www.facebook.com\/hashtag\/buenosiares?__eep__=6&amp;__cft__[0]=AZWfqLaEKAwl_OZmh0dL16auoeUDewJFKtKnYiJTN-pqReVBypxpCdizNnlTNXyN_znR8wuVMOciiQ6exT6bouO_J4bLRpOM0636g3lFMRA41xaT8LL7Fl3pBocmrkOh4Mo&amp;__tn__=*NK-R\">#buenosiares<\/a>\u00a0<a href=\"https:\/\/www.facebook.com\/hashtag\/cultura?__eep__=6&amp;__cft__[0]=AZWfqLaEKAwl_OZmh0dL16auoeUDewJFKtKnYiJTN-pqReVBypxpCdizNnlTNXyN_znR8wuVMOciiQ6exT6bouO_J4bLRpOM0636g3lFMRA41xaT8LL7Fl3pBocmrkOh4Mo&amp;__tn__=*NK-R\">#cultura<\/a><\/em><\/strong><\/p>\n\n\n\n<p>Fuente: <a href=\"https:\/\/www.baraderoteinforma.com.ar\/rock-en-baradero-si-todo-sigue-asi-habra-festival%c2%b7\/\">Baradero Te Informa<\/a><\/p>\n","protected":false},"excerpt":{"rendered":"<p>As\u00ed lo retrato Jos\u00e9 Luis Cameron, la cara visible de la productora Gonnago encargada de la realizaci\u00f3n del festival Rock en Baradero, a trav\u00e9s de su cuenta de facebook: Hermosa visita a Baradero y reuniones ! Recorrimos el predio donde hacemos el festival, vimos las mejoras que se est\u00e1n llevando adelante !! Nos llevamos la [&hellip;]<\/p>\n","protected":false},"author":4,"featured_media":94753,"comment_status":"open","ping_status":"closed","sticky":false,"template":"","format":"standard","meta":{"om_disable_all_campaigns":false,"_jetpack_memberships_contains_paid_content":false,"footnotes":""},"categories":[621],"tags":[],"class_list":["post-94752","post","type-post","status-publish","format-standard","has-post-thumbnail","hentry","category-regionales"],"aioseo_notices":[],"gutentor_comment":0,"jetpack_featured_media_url":"https:\/\/eldiariodesanpedro.com.ar\/sitio\/wp-content\/uploads\/2021\/06\/29694449_10216205774680108_8286569042112825000_n.jpg","jetpack_shortlink":"https:\/\/wp.me\/p6RhLt-oEg","jetpack_sharing_enabled":true,"_links":{"self":[{"href":"https:\/\/eldiariodesanpedro.com.ar\/sitio\/wp-json\/wp\/v2\/posts\/94752","targetHints":{"allow":["GET"]}}],"collection":[{"href":"https:\/\/eldiariodesanpedro.com.ar\/sitio\/wp-json\/wp\/v2\/posts"}],"about":[{"href":"https:\/\/eldiariodesanpedro.com.ar\/sitio\/wp-json\/wp\/v2\/types\/post"}],"author":[{"embeddable":true,"href":"https:\/\/eldiariodesanpedro.com.ar\/sitio\/wp-json\/wp\/v2\/users\/4"}],"replies":[{"embeddable":true,"href":"https:\/\/eldiariodesanpedro.com.ar\/sitio\/wp-json\/wp\/v2\/comments?post=94752"}],"version-history":[{"count":1,"href":"https:\/\/eldiariodesanpedro.com.ar\/sitio\/wp-json\/wp\/v2\/posts\/94752\/revisions"}],"predecessor-version":[{"id":94754,"href":"https:\/\/eldiariodesanpedro.com.ar\/sitio\/wp-json\/wp\/v2\/posts\/94752\/revisions\/94754"}],"wp:featuredmedia":[{"embeddable":true,"href":"https:\/\/eldiariodesanpedro.com.ar\/sitio\/wp-json\/wp\/v2\/media\/94753"}],"wp:attachment":[{"href":"https:\/\/eldiariodesanpedro.com.ar\/sitio\/wp-json\/wp\/v2\/media?parent=94752"}],"wp:term":[{"taxonomy":"category","embeddable":true,"href":"https:\/\/eldiariodesanpedro.com.ar\/sitio\/wp-json\/wp\/v2\/categories?post=94752"},{"taxonomy":"post_tag","embeddable":true,"href":"https:\/\/eldiariodesanpedro.com.ar\/sitio\/wp-json\/wp\/v2\/tags?post=94752"}],"curies":[{"name":"wp","href":"https:\/\/api.w.org\/{rel}","templated":true}]}}