{"id":94750,"date":"2021-06-25T10:20:40","date_gmt":"2021-06-25T13:20:40","guid":{"rendered":"https:\/\/eldiariodesanpedro.com.ar\/sitio\/?p=94750"},"modified":"2021-06-25T10:20:46","modified_gmt":"2021-06-25T13:20:46","slug":"calendario-de-pagos-para-hoy-viernes-de-anses","status":"publish","type":"post","link":"https:\/\/eldiariodesanpedro.com.ar\/sitio\/calendario-de-pagos-para-hoy-viernes-de-anses\/","title":{"rendered":"Calendario de pagos para hoy viernes de Anses"},"content":{"rendered":"<!-- VideographyWP Plugin Message: Automatic video embedding prevented by plugin options. -->\n\n<p><strong>El organismo, a cargo de la Lic. Fernanda Raverta, informa que hoy se abonan jubilaciones, pensiones, Prestaci\u00f3n por Desempleo y el programa Alimentar. Cabe destacar que este mes se efectiviza&nbsp;<\/strong><strong>el pago del medio aguinaldo<\/strong><strong>&nbsp;junto al aumento del 12,12 por ciento por la Ley de Movilidad para&nbsp;<\/strong>Pensiones No Contributivas (PNC)<strong>, jubilaciones y pensiones.<\/strong><\/p>\n\n\n\n<p><strong>Jubilaciones&nbsp;y&nbsp;pensiones&nbsp;con el medio aguinaldo<\/strong><strong><\/strong><\/p>\n\n\n\n<p>Las sucursales bancarias habilitadas atender\u00e1n por ventanilla a jubilados, jubiladas, pensionados y pensionadas que tengan haberes entre&nbsp;<strong>25.923 pesos<\/strong>&nbsp;y<strong>&nbsp;155.203 pesos&nbsp;<\/strong>y susdocumentos terminen en&nbsp;<strong>4&nbsp;<\/strong>y<strong>&nbsp;5<\/strong>.<\/p>\n\n\n\n<p>Este mes,&nbsp;titulares que perciban el haber m\u00e1ximo cobran un total de&nbsp;<strong>232.804<\/strong>&nbsp;<strong>pesos<\/strong>. Este importe equivale a la jubilaci\u00f3n m\u00e1xima, que es de&nbsp;<strong>155.203&nbsp;<\/strong><strong>pesos<\/strong>&nbsp;debido al incremento por movilidad, m\u00e1s el medio aguinaldo de&nbsp;<strong>77.601<\/strong>&nbsp;<strong>pesos<\/strong>.<\/p>\n\n\n\n<p><strong>Prestaci\u00f3n por Desempleo<\/strong><\/p>\n\n\n\n<p>Hoy perciben la Prestaci\u00f3n por Desempleo las personas cuyos documentos finalicen en&nbsp;<strong>4&nbsp;<\/strong>y<strong>&nbsp;5<\/strong>.<\/p>\n\n\n\n<p><strong>Programa Alimentar<\/strong><\/p>\n\n\n\n<p>En el marco del Plan Argentina contra el Hambre del Ministerio de Desarrollo Social, la ANSES acompa\u00f1a con el pago del programa Alimentar. Hoy reciben el beneficio titulares de la AUH quienes no tienen la tarjeta pl\u00e1stica y cobran el dinero en la misma cuenta de la prestaci\u00f3n. Destinado a titulares con hijos e hijas de 0 a 14 a\u00f1os inclusive con documentos concluidos en&nbsp;<strong>6<\/strong>&nbsp;y&nbsp;<strong>7<\/strong>.<\/p>\n","protected":false},"excerpt":{"rendered":"<p>El organismo, a cargo de la Lic. Fernanda Raverta, informa que hoy se abonan jubilaciones, pensiones, Prestaci\u00f3n por Desempleo y el programa Alimentar. Cabe destacar que este mes se efectiviza&nbsp;el pago del medio aguinaldo&nbsp;junto al aumento del 12,12 por ciento por la Ley de Movilidad para&nbsp;Pensiones No Contributivas (PNC), jubilaciones y pensiones. Jubilaciones&nbsp;y&nbsp;pensiones&nbsp;con el medio [&hellip;]<\/p>\n","protected":false},"author":4,"featured_media":79417,"comment_status":"open","ping_status":"closed","sticky":false,"template":"","format":"standard","meta":{"om_disable_all_campaigns":false,"_jetpack_memberships_contains_paid_content":false,"footnotes":""},"categories":[101,2],"tags":[],"class_list":["post-94750","post","type-post","status-publish","format-standard","has-post-thumbnail","hentry","category-interes-general-locales","category-locales"],"aioseo_notices":[],"gutentor_comment":0,"jetpack_featured_media_url":"https:\/\/eldiariodesanpedro.com.ar\/sitio\/wp-content\/uploads\/2020\/08\/1588601711_001936_1588601952_noticia_normal.jpg","jetpack_shortlink":"https:\/\/wp.me\/p6RhLt-oEe","jetpack_sharing_enabled":true,"_links":{"self":[{"href":"https:\/\/eldiariodesanpedro.com.ar\/sitio\/wp-json\/wp\/v2\/posts\/94750","targetHints":{"allow":["GET"]}}],"collection":[{"href":"https:\/\/eldiariodesanpedro.com.ar\/sitio\/wp-json\/wp\/v2\/posts"}],"about":[{"href":"https:\/\/eldiariodesanpedro.com.ar\/sitio\/wp-json\/wp\/v2\/types\/post"}],"author":[{"embeddable":true,"href":"https:\/\/eldiariodesanpedro.com.ar\/sitio\/wp-json\/wp\/v2\/users\/4"}],"replies":[{"embeddable":true,"href":"https:\/\/eldiariodesanpedro.com.ar\/sitio\/wp-json\/wp\/v2\/comments?post=94750"}],"version-history":[{"count":1,"href":"https:\/\/eldiariodesanpedro.com.ar\/sitio\/wp-json\/wp\/v2\/posts\/94750\/revisions"}],"predecessor-version":[{"id":94751,"href":"https:\/\/eldiariodesanpedro.com.ar\/sitio\/wp-json\/wp\/v2\/posts\/94750\/revisions\/94751"}],"wp:featuredmedia":[{"embeddable":true,"href":"https:\/\/eldiariodesanpedro.com.ar\/sitio\/wp-json\/wp\/v2\/media\/79417"}],"wp:attachment":[{"href":"https:\/\/eldiariodesanpedro.com.ar\/sitio\/wp-json\/wp\/v2\/media?parent=94750"}],"wp:term":[{"taxonomy":"category","embeddable":true,"href":"https:\/\/eldiariodesanpedro.com.ar\/sitio\/wp-json\/wp\/v2\/categories?post=94750"},{"taxonomy":"post_tag","embeddable":true,"href":"https:\/\/eldiariodesanpedro.com.ar\/sitio\/wp-json\/wp\/v2\/tags?post=94750"}],"curies":[{"name":"wp","href":"https:\/\/api.w.org\/{rel}","templated":true}]}}