{"id":94744,"date":"2021-06-24T20:50:22","date_gmt":"2021-06-24T23:50:22","guid":{"rendered":"https:\/\/eldiariodesanpedro.com.ar\/sitio\/?p=94744"},"modified":"2021-06-24T20:50:27","modified_gmt":"2021-06-24T23:50:27","slug":"zarate-una-concejal-de-zarate-denunciara-a-baby-etchecopar-por-violencia","status":"publish","type":"post","link":"https:\/\/eldiariodesanpedro.com.ar\/sitio\/zarate-una-concejal-de-zarate-denunciara-a-baby-etchecopar-por-violencia\/","title":{"rendered":"ZARATE | Una concejal de Z\u00e1rate denunciar\u00e1 a Baby Etchecopar por violencia"},"content":{"rendered":"<!-- VideographyWP Plugin Message: Automatic video embedding prevented by plugin options. -->\n\n<p><strong>La presidenta del bloque de Frente de Todos en el Concejo Deliberante del municipio de Z\u00e1rate, Tania Caputo, denunciar\u00e1 penalmente a \u00c1ngel \u201cBaby\u201d Etchecopar por considerar que el periodista ejerci\u00f3 \u201cviolencia simb\u00f3lica, pol\u00edtica y de g\u00e9nero\u201d en su contra.<\/strong><\/p>\n\n\n\n<p>La edil precis\u00f3 que formular\u00e1 \u201centre hoy y ma\u00f1ana\u201d una presentaci\u00f3n ante el Inadi y los ministerios de la Mujer nacional y provincial.<\/p>\n\n\n\n<p>Es que, en su programa de televisi\u00f3n en A24 \u201cBasta Baby\u201d, Etchecopar mostr\u00f3 el martes un video en el que diferentes referentes del Frente de Todos respaldaban la propuesta de una mayor participaci\u00f3n estatal de la administraci\u00f3n de la hidrov\u00eda del R\u00edo Paran\u00e1, el canal navegable que conecta Argentina con Brasil y Paraguay.<\/p>\n\n\n\n<p>\u201cEtchecopar dio a conocer esa pieza audiovisual en donde en un paneo se advierte que algunos dirigentes hacen la V peronista y yo el pu\u00f1o, porque soy del Partido Comunista. En un momento, pidi\u00f3 detener el video para mostrarme a m\u00ed y comenz\u00f3 con una catarata de expresiones mis\u00f3ginas y fascistas en mi contra\u201d, cont\u00f3 Caputo.<\/p>\n\n\n\n<p>\u201cMir\u00e1 la de (saco) rojo, est\u00e1 con la mano del coso comunista (\u2026). Mir\u00e1les la pinta a todos. (\u2026) Toda esta mersa que nos gobierna, esta porquer\u00eda hay que sacarla con las elecciones. Hay que limpiar la rep\u00fablica de esta que hace as\u00ed con el pu\u00f1o\u201d, dijo el periodista.<\/p>\n\n\n\n<p>Luego, propuso \u201cpelear para doblarles ese bracito de la izquierda comunista y hac\u00e9rselos meter bien en el culo\u201d.<\/p>\n\n\n\n<p>Al respecto, la edil sostuvo que \u201cestoy acostumbrada a la chicana pol\u00edtica, pero estas fueron expresiones fascistas, con incitaci\u00f3n a a la violencia\u201d, y que se ejerci\u00f3 \u201cviolencia de g\u00e9nero, simb\u00f3lica y pol\u00edtica en su contra, as\u00ed como amedrentamiento\u201d.<\/p>\n\n\n\n<p>Caputo analiz\u00f3 que \u201cson expresiones antidemocr\u00e1ticas donde se atenta contra el debate plural de ideas, que es lo que expresa el Frente de Todos, donde convivimos distintas ideolog\u00edas\u201d, y plante\u00f3 que \u201ccontinuar\u00e1 expresando con orgullo la simbolog\u00eda\u201d del partido pol\u00edtico del que forma parte.<\/p>\n\n\n\n<p>Ayer, el Partido Comunista (PC) repudi\u00f3 en un comunicado las expresiones \u201cde odio y violencia pol\u00edtica vertidas por \u00c1ngel Baby Etchecopar en su programa del canal A24 del 22\/6, dirigidas a nuestra compa\u00f1era Tania Caputo\u201d.<\/p>\n\n\n\n<p>El PC cuestion\u00f3 que \u201cEtchecopar llam\u00f3 a limpiar la rep\u00fablica de estas mersas\u201d, lo que consider\u00f3 un \u201cdiscurso de odio\u201d.<\/p>\n\n\n\n<p>Caputo precis\u00f3 que \u201cen vez de retractarse, el periodista redobl\u00f3 la apuesta y en su programa de anoche mostr\u00f3 la gacetilla, donde se ve mi n\u00famero de tel\u00e9fono, pidiendo \u2018escrachar a estos ladrones\u2019, e indic\u00f3 que radicar\u00e1 la denuncia en sede penal en las pr\u00f3ximas horas.<\/p>\n\n\n\n<p>Fuente: <a href=\"https:\/\/impactolocal.com.ar\/2021\/06\/24\/una-concejal-de-zarate-denunciara-a-denunciara-a-baby-etchecopar-por-violencia\/\">telam <\/a><\/p>\n","protected":false},"excerpt":{"rendered":"<p>La presidenta del bloque de Frente de Todos en el Concejo Deliberante del municipio de Z\u00e1rate, Tania Caputo, denunciar\u00e1 penalmente a \u00c1ngel \u201cBaby\u201d Etchecopar por considerar que el periodista ejerci\u00f3 \u201cviolencia simb\u00f3lica, pol\u00edtica y de g\u00e9nero\u201d en su contra. La edil precis\u00f3 que formular\u00e1 \u201centre hoy y ma\u00f1ana\u201d una presentaci\u00f3n ante el Inadi y los [&hellip;]<\/p>\n","protected":false},"author":4,"featured_media":94745,"comment_status":"open","ping_status":"closed","sticky":false,"template":"","format":"standard","meta":{"om_disable_all_campaigns":false,"_jetpack_memberships_contains_paid_content":false,"footnotes":""},"categories":[621],"tags":[],"class_list":["post-94744","post","type-post","status-publish","format-standard","has-post-thumbnail","hentry","category-regionales"],"aioseo_notices":[],"gutentor_comment":0,"jetpack_featured_media_url":"https:\/\/eldiariodesanpedro.com.ar\/sitio\/wp-content\/uploads\/2021\/06\/maxresdefault.jpg","jetpack_shortlink":"https:\/\/wp.me\/p6RhLt-oE8","jetpack_sharing_enabled":true,"_links":{"self":[{"href":"https:\/\/eldiariodesanpedro.com.ar\/sitio\/wp-json\/wp\/v2\/posts\/94744","targetHints":{"allow":["GET"]}}],"collection":[{"href":"https:\/\/eldiariodesanpedro.com.ar\/sitio\/wp-json\/wp\/v2\/posts"}],"about":[{"href":"https:\/\/eldiariodesanpedro.com.ar\/sitio\/wp-json\/wp\/v2\/types\/post"}],"author":[{"embeddable":true,"href":"https:\/\/eldiariodesanpedro.com.ar\/sitio\/wp-json\/wp\/v2\/users\/4"}],"replies":[{"embeddable":true,"href":"https:\/\/eldiariodesanpedro.com.ar\/sitio\/wp-json\/wp\/v2\/comments?post=94744"}],"version-history":[{"count":1,"href":"https:\/\/eldiariodesanpedro.com.ar\/sitio\/wp-json\/wp\/v2\/posts\/94744\/revisions"}],"predecessor-version":[{"id":94746,"href":"https:\/\/eldiariodesanpedro.com.ar\/sitio\/wp-json\/wp\/v2\/posts\/94744\/revisions\/94746"}],"wp:featuredmedia":[{"embeddable":true,"href":"https:\/\/eldiariodesanpedro.com.ar\/sitio\/wp-json\/wp\/v2\/media\/94745"}],"wp:attachment":[{"href":"https:\/\/eldiariodesanpedro.com.ar\/sitio\/wp-json\/wp\/v2\/media?parent=94744"}],"wp:term":[{"taxonomy":"category","embeddable":true,"href":"https:\/\/eldiariodesanpedro.com.ar\/sitio\/wp-json\/wp\/v2\/categories?post=94744"},{"taxonomy":"post_tag","embeddable":true,"href":"https:\/\/eldiariodesanpedro.com.ar\/sitio\/wp-json\/wp\/v2\/tags?post=94744"}],"curies":[{"name":"wp","href":"https:\/\/api.w.org\/{rel}","templated":true}]}}