{"id":94737,"date":"2021-06-24T20:44:40","date_gmt":"2021-06-24T23:44:40","guid":{"rendered":"https:\/\/eldiariodesanpedro.com.ar\/sitio\/?p=94737"},"modified":"2021-06-24T20:44:44","modified_gmt":"2021-06-24T23:44:44","slug":"campana-camion-perdio-el-control-y-arraso-con-parte-de-un-puesto-de-frutas","status":"publish","type":"post","link":"https:\/\/eldiariodesanpedro.com.ar\/sitio\/campana-camion-perdio-el-control-y-arraso-con-parte-de-un-puesto-de-frutas\/","title":{"rendered":"CAMPANA | Cami\u00f3n perdi\u00f3 el control y arras\u00f3 con parte de un puesto de frutas"},"content":{"rendered":"<!-- VideographyWP Plugin Message: Automatic video embedding prevented by plugin options. -->\n\n<p>El veh\u00edculo circulaba por la rotonda de Las Acacias. Hizo un efecto tijera, impact\u00f3 contra una columna de alumbrado y termin\u00f3 arriba de la rotonda. El transportista sufri\u00f3 lesiones y cortes en el rostro, y fue hospitalizado.<\/p>\n\n\n\n<p>Llovizna, oscuridad, y alg\u00fan otro factor que se sum\u00f3 para derivar en un accidente ocurrido cerca de las 21.40 hs., en la rotonda del Barrio Las Acacias sobre la Ruta 6.<\/p>\n\n\n\n<p>All\u00ed, el conductor de un cami\u00f3n Ford Cargo proveniente de Brasil, perdi\u00f3 el control por causas desconocidas. En el err\u00e1tico trayecto, impacta contra una columna de alumbrado y produce da\u00f1os y roturas en la estructura de un puesto de ventas de frutas y verduras que se encuentra en el lugar.<\/p>\n\n\n\n<p>El cami\u00f3n termin\u00f3 haciendo un \u201cefecto tijera\u201d, para montarse sobre la rotonda, donde finalmente se detuvo.<\/p>\n\n\n\n<p>El conductor sufri\u00f3 golpes varios y algunos cortes en la cabeza, por lo que fue trasladado por una ambulancia del Same al hospital local.<\/p>\n\n\n\n<p>Fuente: <a href=\"https:\/\/www.campananoticias.com\/noticia\/68180\/camin-perdi-el-control-y-arras-con-parte-de-un-puesto-de-frutas\">Campana noticias<\/a><\/p>\n","protected":false},"excerpt":{"rendered":"<p>El veh\u00edculo circulaba por la rotonda de Las Acacias. Hizo un efecto tijera, impact\u00f3 contra una columna de alumbrado y termin\u00f3 arriba de la rotonda. El transportista sufri\u00f3 lesiones y cortes en el rostro, y fue hospitalizado. Llovizna, oscuridad, y alg\u00fan otro factor que se sum\u00f3 para derivar en un accidente ocurrido cerca de las [&hellip;]<\/p>\n","protected":false},"author":4,"featured_media":94738,"comment_status":"open","ping_status":"closed","sticky":false,"template":"","format":"standard","meta":{"om_disable_all_campaigns":false,"_jetpack_memberships_contains_paid_content":false,"footnotes":""},"categories":[621],"tags":[],"class_list":["post-94737","post","type-post","status-publish","format-standard","has-post-thumbnail","hentry","category-regionales"],"aioseo_notices":[],"gutentor_comment":0,"jetpack_featured_media_url":"https:\/\/eldiariodesanpedro.com.ar\/sitio\/wp-content\/uploads\/2021\/06\/20210624022004.jpg","jetpack_shortlink":"https:\/\/wp.me\/p6RhLt-oE1","jetpack_sharing_enabled":true,"_links":{"self":[{"href":"https:\/\/eldiariodesanpedro.com.ar\/sitio\/wp-json\/wp\/v2\/posts\/94737","targetHints":{"allow":["GET"]}}],"collection":[{"href":"https:\/\/eldiariodesanpedro.com.ar\/sitio\/wp-json\/wp\/v2\/posts"}],"about":[{"href":"https:\/\/eldiariodesanpedro.com.ar\/sitio\/wp-json\/wp\/v2\/types\/post"}],"author":[{"embeddable":true,"href":"https:\/\/eldiariodesanpedro.com.ar\/sitio\/wp-json\/wp\/v2\/users\/4"}],"replies":[{"embeddable":true,"href":"https:\/\/eldiariodesanpedro.com.ar\/sitio\/wp-json\/wp\/v2\/comments?post=94737"}],"version-history":[{"count":1,"href":"https:\/\/eldiariodesanpedro.com.ar\/sitio\/wp-json\/wp\/v2\/posts\/94737\/revisions"}],"predecessor-version":[{"id":94739,"href":"https:\/\/eldiariodesanpedro.com.ar\/sitio\/wp-json\/wp\/v2\/posts\/94737\/revisions\/94739"}],"wp:featuredmedia":[{"embeddable":true,"href":"https:\/\/eldiariodesanpedro.com.ar\/sitio\/wp-json\/wp\/v2\/media\/94738"}],"wp:attachment":[{"href":"https:\/\/eldiariodesanpedro.com.ar\/sitio\/wp-json\/wp\/v2\/media?parent=94737"}],"wp:term":[{"taxonomy":"category","embeddable":true,"href":"https:\/\/eldiariodesanpedro.com.ar\/sitio\/wp-json\/wp\/v2\/categories?post=94737"},{"taxonomy":"post_tag","embeddable":true,"href":"https:\/\/eldiariodesanpedro.com.ar\/sitio\/wp-json\/wp\/v2\/tags?post=94737"}],"curies":[{"name":"wp","href":"https:\/\/api.w.org\/{rel}","templated":true}]}}