{"id":94734,"date":"2021-06-24T20:42:34","date_gmt":"2021-06-24T23:42:34","guid":{"rendered":"https:\/\/eldiariodesanpedro.com.ar\/sitio\/?p=94734"},"modified":"2021-06-24T20:42:39","modified_gmt":"2021-06-24T23:42:39","slug":"ofrecen-recompensa-para-atrapar-a-dumbo","status":"publish","type":"post","link":"https:\/\/eldiariodesanpedro.com.ar\/sitio\/ofrecen-recompensa-para-atrapar-a-dumbo\/","title":{"rendered":"Ofrecen recompensa para atrapar a \u00abDumbo\u00bb"},"content":{"rendered":"<!-- VideographyWP Plugin Message: Automatic video embedding prevented by plugin options. -->\n\n<p>En las \u00faltimas semanas la Polic\u00eda Federal Argentina logr\u00f3 capturar a gran parte de esta organizaci\u00f3n criminal, sobre todo a sus miembros de alta y media jerarqu\u00eda. El objetivo es neutralizar el accionar de la banda delictiva que lidera el delincuente.<\/p>\n\n\n\n<p>En el d\u00eda de hoy, la ministra de Seguridad de la Naci\u00f3n, siguiendo los requerimientos del Poder Judicial y los protocolos vigentes para este tipo de casos, formaliz\u00f3 la publicaci\u00f3n del ofrecimiento de $5.000.000 para quien provea informaci\u00f3n fehaciente y determinante para la captura Mailly Rivera (a) \u00abDumbo\u00bb. Rivera es buscado por la Justicia Federal desde que, recientemente, el Juzgado a cargo de Juli\u00e1n Daniel Ercolini tom\u00f3 la causa que posee larga data.<\/p>\n\n\n\n<p>Es importante recordar que en las \u00faltimas semanas la Polic\u00eda Federal Argentina logr\u00f3 capturar a gran parte de esta organizaci\u00f3n criminal, sobre todo a sus miembros de alta y media jerarqu\u00eda. El objetivo es neutralizar el accionar de la banda delictiva que lidera \u00abDumbo\u00bb.<\/p>\n\n\n\n<p>Sin embargo, en los operativos realizados por la PFA, el pr\u00f3fugo logr\u00f3 escapar. Ello ha llevado a profundizar de manera urgente la necesidad de capturar al cabecilla de la banda.<\/p>\n\n\n\n<p>La prioridad de desarticular la organizaci\u00f3n criminal que lidera \u00abDumbo\u00bb radica en que la misma, entre otras acciones criminales, est\u00e1 acusada por el delito de narcotr\u00e1fico y posee una estructura con una alta capacidad criminal. En ese marco, la ministra puso en acci\u00f3n el protocolo existente para la b\u00fasqueda y detenci\u00f3n con la colaboraci\u00f3n de la poblaci\u00f3n. La decisi\u00f3n, a su vez, se sustenta en la capacidad de evasi\u00f3n que \u00abDumbo\u00bb posee, la que se desprende de las posibles complicidades territoriales que le han permitido escapar y mantenerse oculto ante los despliegues llevados a cabo por la Polic\u00eda Federal Argentina.<\/p>\n\n\n\n<p><\/p>\n","protected":false},"excerpt":{"rendered":"<p>En las \u00faltimas semanas la Polic\u00eda Federal Argentina logr\u00f3 capturar a gran parte de esta organizaci\u00f3n criminal, sobre todo a sus miembros de alta y media jerarqu\u00eda. El objetivo es neutralizar el accionar de la banda delictiva que lidera el delincuente. En el d\u00eda de hoy, la ministra de Seguridad de la Naci\u00f3n, siguiendo los [&hellip;]<\/p>\n","protected":false},"author":4,"featured_media":94735,"comment_status":"open","ping_status":"closed","sticky":false,"template":"","format":"standard","meta":{"om_disable_all_campaigns":false,"_jetpack_memberships_contains_paid_content":false,"footnotes":""},"categories":[621],"tags":[],"class_list":["post-94734","post","type-post","status-publish","format-standard","has-post-thumbnail","hentry","category-regionales"],"aioseo_notices":[],"gutentor_comment":0,"jetpack_featured_media_url":"https:\/\/eldiariodesanpedro.com.ar\/sitio\/wp-content\/uploads\/2021\/06\/20210624022844.jpg","jetpack_shortlink":"https:\/\/wp.me\/p6RhLt-oDY","jetpack_sharing_enabled":true,"_links":{"self":[{"href":"https:\/\/eldiariodesanpedro.com.ar\/sitio\/wp-json\/wp\/v2\/posts\/94734","targetHints":{"allow":["GET"]}}],"collection":[{"href":"https:\/\/eldiariodesanpedro.com.ar\/sitio\/wp-json\/wp\/v2\/posts"}],"about":[{"href":"https:\/\/eldiariodesanpedro.com.ar\/sitio\/wp-json\/wp\/v2\/types\/post"}],"author":[{"embeddable":true,"href":"https:\/\/eldiariodesanpedro.com.ar\/sitio\/wp-json\/wp\/v2\/users\/4"}],"replies":[{"embeddable":true,"href":"https:\/\/eldiariodesanpedro.com.ar\/sitio\/wp-json\/wp\/v2\/comments?post=94734"}],"version-history":[{"count":1,"href":"https:\/\/eldiariodesanpedro.com.ar\/sitio\/wp-json\/wp\/v2\/posts\/94734\/revisions"}],"predecessor-version":[{"id":94736,"href":"https:\/\/eldiariodesanpedro.com.ar\/sitio\/wp-json\/wp\/v2\/posts\/94734\/revisions\/94736"}],"wp:featuredmedia":[{"embeddable":true,"href":"https:\/\/eldiariodesanpedro.com.ar\/sitio\/wp-json\/wp\/v2\/media\/94735"}],"wp:attachment":[{"href":"https:\/\/eldiariodesanpedro.com.ar\/sitio\/wp-json\/wp\/v2\/media?parent=94734"}],"wp:term":[{"taxonomy":"category","embeddable":true,"href":"https:\/\/eldiariodesanpedro.com.ar\/sitio\/wp-json\/wp\/v2\/categories?post=94734"},{"taxonomy":"post_tag","embeddable":true,"href":"https:\/\/eldiariodesanpedro.com.ar\/sitio\/wp-json\/wp\/v2\/tags?post=94734"}],"curies":[{"name":"wp","href":"https:\/\/api.w.org\/{rel}","templated":true}]}}