{"id":94731,"date":"2021-06-24T20:40:55","date_gmt":"2021-06-24T23:40:55","guid":{"rendered":"https:\/\/eldiariodesanpedro.com.ar\/sitio\/?p=94731"},"modified":"2021-06-24T20:41:00","modified_gmt":"2021-06-24T23:41:00","slug":"san-nicolas-un-gigante-en-el-puerto-de-la-ciudad","status":"publish","type":"post","link":"https:\/\/eldiariodesanpedro.com.ar\/sitio\/san-nicolas-un-gigante-en-el-puerto-de-la-ciudad\/","title":{"rendered":"SAN NICOL\u00c1S | Un gigante en el Puerto de la ciudad"},"content":{"rendered":"<!-- VideographyWP Plugin Message: Automatic video embedding prevented by plugin options. -->\n\n<p>El Puerto San Nicol\u00e1s recibe por primera vez en 11 a\u00f1os un buque Panamax con 37.000 toneladas de mercader\u00eda . Hoy arrib\u00f3 al Puerto nicole\u00f1o el Panamax New Orleans y se encontrar\u00e1 atracado en el muelle norte por alrededor de diez d\u00edas.\u00a0<\/p>\n\n\n\n<p>Desde el a\u00f1o 2010 no ingresaba a muelle un buque de estas caracter\u00edsticas.\u00a0Los barcos de la clase Panamax son aquellos dise\u00f1ados para ajustarse a las dimensiones m\u00e1ximas permitidas para el tr\u00e1nsito por las antiguas esclusas del canal de Panam\u00e1. <\/p>\n\n\n\n<p>El tama\u00f1o m\u00e1ximo est\u00e1 determinado por la dimensi\u00f3n de las c\u00e1maras de las esclusas y su calado.\u00a0La comunidad portuaria celebra la posibilidad de volver a recibir este tipo de barcos en el Puerto San Nicol\u00e1s dado que, la descarga de las 37.700 toneladas que trae en sus bodegas, implican 10 d\u00edas de empleo directo para alrededor de 200 trabajadores en su descarga y el doble de empleos en forma indirecta, sumado a los 1350 camiones que transportar\u00e1n en la operaci\u00f3n.\u00a0<\/p>\n\n\n\n<p>La presidenta del Consorcio de Gesti\u00f3n Cecilia Comercio celebr\u00f3 este arribo y declar\u00f3 \u201cpoder recibir estos buques y potenciar nuestra operatividad nos llena de orgullo\u201d.<\/p>\n\n\n\n<p>Fuente: S<a href=\"https:\/\/sannicolasnews.com\/un-gigante-en-el-puerto-de-san-nicolas\/\">N News<\/a><\/p>\n","protected":false},"excerpt":{"rendered":"<p>El Puerto San Nicol\u00e1s recibe por primera vez en 11 a\u00f1os un buque Panamax con 37.000 toneladas de mercader\u00eda . Hoy arrib\u00f3 al Puerto nicole\u00f1o el Panamax New Orleans y se encontrar\u00e1 atracado en el muelle norte por alrededor de diez d\u00edas.\u00a0 Desde el a\u00f1o 2010 no ingresaba a muelle un buque de estas caracter\u00edsticas.\u00a0Los [&hellip;]<\/p>\n","protected":false},"author":4,"featured_media":94732,"comment_status":"open","ping_status":"closed","sticky":false,"template":"","format":"standard","meta":{"om_disable_all_campaigns":false,"_jetpack_memberships_contains_paid_content":false,"footnotes":""},"categories":[621],"tags":[],"class_list":["post-94731","post","type-post","status-publish","format-standard","has-post-thumbnail","hentry","category-regionales"],"aioseo_notices":[],"gutentor_comment":0,"jetpack_featured_media_url":"https:\/\/eldiariodesanpedro.com.ar\/sitio\/wp-content\/uploads\/2021\/06\/0-13.jpg","jetpack_shortlink":"https:\/\/wp.me\/p6RhLt-oDV","jetpack_sharing_enabled":true,"_links":{"self":[{"href":"https:\/\/eldiariodesanpedro.com.ar\/sitio\/wp-json\/wp\/v2\/posts\/94731","targetHints":{"allow":["GET"]}}],"collection":[{"href":"https:\/\/eldiariodesanpedro.com.ar\/sitio\/wp-json\/wp\/v2\/posts"}],"about":[{"href":"https:\/\/eldiariodesanpedro.com.ar\/sitio\/wp-json\/wp\/v2\/types\/post"}],"author":[{"embeddable":true,"href":"https:\/\/eldiariodesanpedro.com.ar\/sitio\/wp-json\/wp\/v2\/users\/4"}],"replies":[{"embeddable":true,"href":"https:\/\/eldiariodesanpedro.com.ar\/sitio\/wp-json\/wp\/v2\/comments?post=94731"}],"version-history":[{"count":1,"href":"https:\/\/eldiariodesanpedro.com.ar\/sitio\/wp-json\/wp\/v2\/posts\/94731\/revisions"}],"predecessor-version":[{"id":94733,"href":"https:\/\/eldiariodesanpedro.com.ar\/sitio\/wp-json\/wp\/v2\/posts\/94731\/revisions\/94733"}],"wp:featuredmedia":[{"embeddable":true,"href":"https:\/\/eldiariodesanpedro.com.ar\/sitio\/wp-json\/wp\/v2\/media\/94732"}],"wp:attachment":[{"href":"https:\/\/eldiariodesanpedro.com.ar\/sitio\/wp-json\/wp\/v2\/media?parent=94731"}],"wp:term":[{"taxonomy":"category","embeddable":true,"href":"https:\/\/eldiariodesanpedro.com.ar\/sitio\/wp-json\/wp\/v2\/categories?post=94731"},{"taxonomy":"post_tag","embeddable":true,"href":"https:\/\/eldiariodesanpedro.com.ar\/sitio\/wp-json\/wp\/v2\/tags?post=94731"}],"curies":[{"name":"wp","href":"https:\/\/api.w.org\/{rel}","templated":true}]}}