{"id":94728,"date":"2021-06-24T20:38:14","date_gmt":"2021-06-24T23:38:14","guid":{"rendered":"https:\/\/eldiariodesanpedro.com.ar\/sitio\/?p=94728"},"modified":"2021-06-24T20:38:18","modified_gmt":"2021-06-24T23:38:18","slug":"regionales-el-parana-llego-al-nivel-mas-bajo-de-las-ultimas-decadas","status":"publish","type":"post","link":"https:\/\/eldiariodesanpedro.com.ar\/sitio\/regionales-el-parana-llego-al-nivel-mas-bajo-de-las-ultimas-decadas\/","title":{"rendered":"REGIONALES | El Paran\u00e1 lleg\u00f3 al nivel m\u00e1s bajo de las \u00faltimas d\u00e9cadas"},"content":{"rendered":"<!-- VideographyWP Plugin Message: Automatic video embedding prevented by plugin options. -->\n\n<p>El caudal del R\u00edo Paran\u00e1 en territorio argentino registra actualmente el menor nivel en los \u00faltimos 25 a\u00f1os debido a la escasez de lluvias significativas en la regi\u00f3n. Un informe del Instituto Argentino del Agua indica que la confluencia del Paran\u00e1 con el r\u00edo Paraguay registra una \u00abbajante extrema\u00bb que comenz\u00f3 a principio de junio y se extender\u00e1 a lo largo de varias semanas. Este mi\u00e9rcoles, el hidr\u00f3metro de la Prefectura Naval Argentina marc\u00f3 que la altura del r\u00edo en San Nicol\u00e1s es de 12 cent\u00edmetros.<\/p>\n\n\n\n<p>\u00abEl caudal que ingresa al tramo puede estimarse pr\u00f3ximo a los 7.700 metros c\u00fabicos por segundo y del orden del 40% del valor promedio de junio de los \u00faltimos 25 a\u00f1os. Esta tendencia se sostendr\u00e1 en las pr\u00f3ximas semanas\u00bb, se\u00f1ala el instituto. Los expertos de la dependencia se\u00f1alan que de continuar la actual coyuntura, \u00abse espera el escenario m\u00e1s cr\u00edtico de la historia registrado: en 1944\u00bb.<\/p>\n\n\n\n<p>\u00abLa tendencia clim\u00e1tica, con horizonte en el 31 de agosto, no permite esperar una mejora sostenida en las lluvias regionales, adem\u00e1s de niveles inferiores a los medios correspondientes al oto\u00f1o e invierno\u00bb, advierte el trabajo difundido por Infocampo.<\/p>\n\n\n\n<p>Nivel cr\u00edtico<br>A la altura de la ciudad de Rosario, el r\u00edo tuvo un nivel de 18 cent\u00edmetros este lunes en la zona del Puerto, justo la mitad del correspondiente al d\u00eda anterior y un cent\u00edmetro por encima del que se registr\u00f3 en noviembre pasado, el menor en las \u00faltimos 50 a\u00f1os.<\/p>\n\n\n\n<p>En Paran\u00e1, Entre R\u00edos, el r\u00edo baj\u00f3 a cero cent\u00edmetro en la madrugada de este martes. Efectivos de Prefectura Naval Argentina indicaron al sitio Elonce que se quedaron \u201csin escala\u201d de referencia para las mediciones de aqu\u00ed en adelante.<\/p>\n\n\n\n<p>Este domingo, en la uni\u00f3n de los r\u00edos se registraron alturas de 0,38 metros en Corrientes y 0,42 metros en Barranqueras, en el orden de 1,40 metros por debajo del pico del repunte y tambi\u00e9n por debajo de los promedio semanales. Por la bajante, el Gobierno argentino inici\u00f3 negociaciones con Paraguay y Brasil para que sus represas liberen vol\u00famenes de agua que permitan paliar la situaci\u00f3n.<\/p>\n\n\n\n<p>As\u00ed lo indic\u00f3 el presidente del instituto, Juan Carlos Bertoni, quien se\u00f1al\u00f3 que el Ministerio de Obras P\u00fablicas de la Naci\u00f3n mantiene permanente contacto con autoridades brasile\u00f1as para seguir la coyuntura. \u201cTodo indica que nos estamos aproximando a aquello que ya ocurri\u00f3 en 1984, que fue la bajante m\u00e1s cr\u00edtica de toda la historia\u201d, expres\u00f3. En cuanto a las represas sostuvo que tienen la capacidad de morigerar la grave situaci\u00f3n.<\/p>\n\n\n\n<p>\u201cUna represa es como el tanque de agua de una casa, es decir, cuando en alg\u00fan momento hay una falta provisi\u00f3n se puede aprovechar el volumen del tanque; de la misma manera, las represas contribuyeron a lo largo de muchos a\u00f1os a que algunas bajantes de los r\u00edos no se hayan sentido\u201d, sostuvo.<\/p>\n\n\n\n<p>Fuente: Diario El Infromante<\/p>\n","protected":false},"excerpt":{"rendered":"<p>El caudal del R\u00edo Paran\u00e1 en territorio argentino registra actualmente el menor nivel en los \u00faltimos 25 a\u00f1os debido a la escasez de lluvias significativas en la regi\u00f3n. Un informe del Instituto Argentino del Agua indica que la confluencia del Paran\u00e1 con el r\u00edo Paraguay registra una \u00abbajante extrema\u00bb que comenz\u00f3 a principio de junio [&hellip;]<\/p>\n","protected":false},"author":4,"featured_media":94729,"comment_status":"open","ping_status":"closed","sticky":false,"template":"","format":"standard","meta":{"om_disable_all_campaigns":false,"_jetpack_memberships_contains_paid_content":false,"footnotes":""},"categories":[621],"tags":[],"class_list":["post-94728","post","type-post","status-publish","format-standard","has-post-thumbnail","hentry","category-regionales"],"aioseo_notices":[],"gutentor_comment":0,"jetpack_featured_media_url":"https:\/\/eldiariodesanpedro.com.ar\/sitio\/wp-content\/uploads\/2021\/06\/no_5s6la0vh5sml54y0001_3313283137_20210623_111132_0000.png","jetpack_shortlink":"https:\/\/wp.me\/p6RhLt-oDS","jetpack_sharing_enabled":true,"_links":{"self":[{"href":"https:\/\/eldiariodesanpedro.com.ar\/sitio\/wp-json\/wp\/v2\/posts\/94728","targetHints":{"allow":["GET"]}}],"collection":[{"href":"https:\/\/eldiariodesanpedro.com.ar\/sitio\/wp-json\/wp\/v2\/posts"}],"about":[{"href":"https:\/\/eldiariodesanpedro.com.ar\/sitio\/wp-json\/wp\/v2\/types\/post"}],"author":[{"embeddable":true,"href":"https:\/\/eldiariodesanpedro.com.ar\/sitio\/wp-json\/wp\/v2\/users\/4"}],"replies":[{"embeddable":true,"href":"https:\/\/eldiariodesanpedro.com.ar\/sitio\/wp-json\/wp\/v2\/comments?post=94728"}],"version-history":[{"count":1,"href":"https:\/\/eldiariodesanpedro.com.ar\/sitio\/wp-json\/wp\/v2\/posts\/94728\/revisions"}],"predecessor-version":[{"id":94730,"href":"https:\/\/eldiariodesanpedro.com.ar\/sitio\/wp-json\/wp\/v2\/posts\/94728\/revisions\/94730"}],"wp:featuredmedia":[{"embeddable":true,"href":"https:\/\/eldiariodesanpedro.com.ar\/sitio\/wp-json\/wp\/v2\/media\/94729"}],"wp:attachment":[{"href":"https:\/\/eldiariodesanpedro.com.ar\/sitio\/wp-json\/wp\/v2\/media?parent=94728"}],"wp:term":[{"taxonomy":"category","embeddable":true,"href":"https:\/\/eldiariodesanpedro.com.ar\/sitio\/wp-json\/wp\/v2\/categories?post=94728"},{"taxonomy":"post_tag","embeddable":true,"href":"https:\/\/eldiariodesanpedro.com.ar\/sitio\/wp-json\/wp\/v2\/tags?post=94728"}],"curies":[{"name":"wp","href":"https:\/\/api.w.org\/{rel}","templated":true}]}}