{"id":94725,"date":"2021-06-24T20:35:34","date_gmt":"2021-06-24T23:35:34","guid":{"rendered":"https:\/\/eldiariodesanpedro.com.ar\/sitio\/?p=94725"},"modified":"2021-06-24T20:35:38","modified_gmt":"2021-06-24T23:35:38","slug":"ramallo-instalan-estacion-meteorologica-en-ramallo","status":"publish","type":"post","link":"https:\/\/eldiariodesanpedro.com.ar\/sitio\/ramallo-instalan-estacion-meteorologica-en-ramallo\/","title":{"rendered":"RAMALLO | Instalan estaci\u00f3n meteorol\u00f3gica en Ramallo"},"content":{"rendered":"<!-- VideographyWP Plugin Message: Automatic video embedding prevented by plugin options. -->\n\n<p>Se trata de una estaci\u00f3n de medici\u00f3n meteorol\u00f3gica que se utilizar\u00e1 para el control y medici\u00f3n, instalada por la Municipalidad de Ramallo y el INTA.<\/p>\n\n\n\n<p>\u201cHemos incorporado la primera estaci\u00f3n meteorol\u00f3gica. Es un paso muy importante para la comunidad y los productores agr\u00edcolas en general. Vamos a tener datos, eso nos genera la estaci\u00f3n meteorol\u00f3gica. Esta estaci\u00f3n le suma informaci\u00f3n al servicio meteorol\u00f3gico nacional\u201d, detall\u00f3 el ingeniero agr\u00f3nomo\u00a0<strong>Adolfo Caama\u00f1o<\/strong>.<\/p>\n\n\n\n<p>La estaci\u00f3n meteorol\u00f3gica se encuentra ubicada en la zona rural, sobre un predio en el kil\u00f3metro 210 de la Autopista, en la salida de Villa Ramallo. Cuenta con equipamiento para controlar el viento en tiempo real, temperatura y dem\u00e1s datos.<\/p>\n\n\n\n<p>Resta precisar que la informaci\u00f3n es de acceso p\u00fablico y se alimenta de paneles solares.\u00a0<\/p>\n\n\n\n<p>Fuente: <a href=\"http:\/\/www.ramallociudad.com.ar\/nota.asp?id=162633&amp;t=Instalan-estacion-meteorologica-en-Ramallo\">Ramallo Ciudad<\/a><\/p>\n\n\n\n<p><\/p>\n","protected":false},"excerpt":{"rendered":"<p>Se trata de una estaci\u00f3n de medici\u00f3n meteorol\u00f3gica que se utilizar\u00e1 para el control y medici\u00f3n, instalada por la Municipalidad de Ramallo y el INTA. \u201cHemos incorporado la primera estaci\u00f3n meteorol\u00f3gica. Es un paso muy importante para la comunidad y los productores agr\u00edcolas en general. Vamos a tener datos, eso nos genera la estaci\u00f3n meteorol\u00f3gica. [&hellip;]<\/p>\n","protected":false},"author":4,"featured_media":94726,"comment_status":"open","ping_status":"closed","sticky":false,"template":"","format":"standard","meta":{"om_disable_all_campaigns":false,"_jetpack_memberships_contains_paid_content":false,"footnotes":""},"categories":[621],"tags":[],"class_list":["post-94725","post","type-post","status-publish","format-standard","has-post-thumbnail","hentry","category-regionales"],"aioseo_notices":[],"gutentor_comment":0,"jetpack_featured_media_url":"https:\/\/eldiariodesanpedro.com.ar\/sitio\/wp-content\/uploads\/2021\/06\/bbx_387833778_1_metereo_1.jpg","jetpack_shortlink":"https:\/\/wp.me\/p6RhLt-oDP","jetpack_sharing_enabled":true,"_links":{"self":[{"href":"https:\/\/eldiariodesanpedro.com.ar\/sitio\/wp-json\/wp\/v2\/posts\/94725","targetHints":{"allow":["GET"]}}],"collection":[{"href":"https:\/\/eldiariodesanpedro.com.ar\/sitio\/wp-json\/wp\/v2\/posts"}],"about":[{"href":"https:\/\/eldiariodesanpedro.com.ar\/sitio\/wp-json\/wp\/v2\/types\/post"}],"author":[{"embeddable":true,"href":"https:\/\/eldiariodesanpedro.com.ar\/sitio\/wp-json\/wp\/v2\/users\/4"}],"replies":[{"embeddable":true,"href":"https:\/\/eldiariodesanpedro.com.ar\/sitio\/wp-json\/wp\/v2\/comments?post=94725"}],"version-history":[{"count":1,"href":"https:\/\/eldiariodesanpedro.com.ar\/sitio\/wp-json\/wp\/v2\/posts\/94725\/revisions"}],"predecessor-version":[{"id":94727,"href":"https:\/\/eldiariodesanpedro.com.ar\/sitio\/wp-json\/wp\/v2\/posts\/94725\/revisions\/94727"}],"wp:featuredmedia":[{"embeddable":true,"href":"https:\/\/eldiariodesanpedro.com.ar\/sitio\/wp-json\/wp\/v2\/media\/94726"}],"wp:attachment":[{"href":"https:\/\/eldiariodesanpedro.com.ar\/sitio\/wp-json\/wp\/v2\/media?parent=94725"}],"wp:term":[{"taxonomy":"category","embeddable":true,"href":"https:\/\/eldiariodesanpedro.com.ar\/sitio\/wp-json\/wp\/v2\/categories?post=94725"},{"taxonomy":"post_tag","embeddable":true,"href":"https:\/\/eldiariodesanpedro.com.ar\/sitio\/wp-json\/wp\/v2\/tags?post=94725"}],"curies":[{"name":"wp","href":"https:\/\/api.w.org\/{rel}","templated":true}]}}