{"id":94722,"date":"2021-06-24T20:33:56","date_gmt":"2021-06-24T23:33:56","guid":{"rendered":"https:\/\/eldiariodesanpedro.com.ar\/sitio\/?p=94722"},"modified":"2021-06-24T20:34:01","modified_gmt":"2021-06-24T23:34:01","slug":"baradero-necesito-de-un-concentrador-de-oxigeno-portatil-para-poder-darle-oxigeno-a-mis-pulmones","status":"publish","type":"post","link":"https:\/\/eldiariodesanpedro.com.ar\/sitio\/baradero-necesito-de-un-concentrador-de-oxigeno-portatil-para-poder-darle-oxigeno-a-mis-pulmones\/","title":{"rendered":"BARADERO | \u00abNecesito de un concentrador de ox\u00edgeno port\u00e1til para poder darle ox\u00edgeno a mis pulmones\u00bb"},"content":{"rendered":"<!-- VideographyWP Plugin Message: Automatic video embedding prevented by plugin options. -->\n\n<p>Paola Dauria en comunicaci\u00f3n con<strong>&nbsp;Fm Tiempo 103.5<\/strong>, cont\u00f3 la situaci\u00f3n por la que est\u00e1 atravesando por su c\u00e1ncer con met\u00e1stasis y est\u00e1 requiriendo un oxigenador concentrado para sobrellevar el tratamiento, debido a que es una de las \u00faltimas opciones m\u00e9dicas para avanzar con su salud:<\/p>\n\n\n\n<p><em>\u00abMe alcanz\u00f3 a los pulmones la met\u00e1stasis y necesito ese oxigenador concentrado.\u00bb<\/em><\/p>\n\n\n\n<p><em>\u00abUnas amigas, pusieron el CBU en Facebook para que cualquiera pueda aportar algo.\u00bb<\/em><\/p>\n\n\n\n<p><em>\u00abAl tener mi h\u00edgado tomado, tengo que hacer una dieta estricta\u00bb.<\/em><\/p>\n\n\n\n<p><em>\u00abEl 20 de octubre me operan, me sacan el tumor y ya ah\u00ed ten\u00eda el h\u00edgado tomado.\u00bb<\/em><\/p>\n\n\n\n<p><em>\u00abLos primeros meses de quimio no me hicieron efecto y se me desparram\u00f3 a los pulmones y al h\u00edgado.\u00bb<\/em><\/p>\n\n\n\n<p><em>\u00abHay otro tratamiento m\u00e1s fuerte con una internaci\u00f3n de dos d\u00edas, pero si el \u00f3rgano lo rechaza, me puede agarrar un paro card\u00edaco.\u00bb<\/em><\/p>\n\n\n\n<p><em>\u00abTengo una nena de 11 a\u00f1os y es una nena que ya no habla con nadie por los nervios y no la estamos pasando nada bien.\u00bb<\/em><\/p>\n\n\n\n<p><em>\u00abEs dif\u00edcil todo, de la cabeza el tema no se me va nunca, me encierro en lo m\u00edo, quiero estar con gente, se me agarra la noche y me agarra la locura. Lloro todo el d\u00eda. Tengo amigas que van a mi casa. No me dejan sola nunca\u00bb<\/em><\/p>\n\n\n\n<p><em>\u00abEl \u00faltimo viernes vi a la onc\u00f3loga y me dijo que no hab\u00eda mucho m\u00e1s para hacer.\u00bb<\/em><\/p>\n\n\n\n<p><em>\u00abYo estoy en manos de Dios ahora. No tengo medicaci\u00f3n en el cuerpo y eso tambi\u00e9n me desespera.\u00bb<\/em><\/p>\n\n\n\n<p><em>\u00abYo tengo angustia y desesperaci\u00f3n, porque siento que me abandonan.\u00bb<\/em><\/p>\n\n\n\n<p><em>\u00abHice otras consultas pero no me dieron otra opci\u00f3n.\u00bb<\/em><\/p>\n\n\n\n<p><em>\u00abQue me diga la onc\u00f3loga que hay s\u00f3lo un 10 % de sanidad, no puedo creerlo, entonces yo digo que quiero ir a otro lado, pero siempre ten\u00e9s que pasar por ellos para que te den una orden.\u00bb<\/em><\/p>\n\n\n\n<p><em>\u00abEl aparato es para oxigenar mis pulmones, que no fallen y para que la met\u00e1stasis no salga de ese lugar.\u00bb<\/em><\/p>\n\n\n\n<p><em>\u00ab550 mil pesos usado vale el aparato.\u00bb<\/em><\/p>\n\n\n\n<p><em>\u00abYo hoy necesito una pensi\u00f3n para poder quedarme en casa y no trabajar por mi estado de salud.\u00bb<\/em><\/p>\n\n\n\n<p><em>\u00abEs trist\u00edsima mi vida, yo soy sola con mi hija.\u00bb<\/em><\/p>\n\n\n\n<p><em>\u00abHabl\u00e9 con Marina Simour y me dijo que iba a hablar con Leticia Houriet.\u00bb<\/em><\/p>\n\n\n\n<p>Fuente: <a href=\"http:\/\/tiemponoticias.com.ar\/noba\/2021\/06\/24\/necesito-de-un-concentrador-de-oxigeno-portatil-para-poder-darle-oxigeno-a-mis-pulmones\/\">Fm Tiempo<\/a><\/p>\n","protected":false},"excerpt":{"rendered":"<p>Paola Dauria en comunicaci\u00f3n con&nbsp;Fm Tiempo 103.5, cont\u00f3 la situaci\u00f3n por la que est\u00e1 atravesando por su c\u00e1ncer con met\u00e1stasis y est\u00e1 requiriendo un oxigenador concentrado para sobrellevar el tratamiento, debido a que es una de las \u00faltimas opciones m\u00e9dicas para avanzar con su salud: \u00abMe alcanz\u00f3 a los pulmones la met\u00e1stasis y necesito ese [&hellip;]<\/p>\n","protected":false},"author":4,"featured_media":94723,"comment_status":"open","ping_status":"closed","sticky":false,"template":"","format":"standard","meta":{"om_disable_all_campaigns":false,"_jetpack_memberships_contains_paid_content":false,"footnotes":""},"categories":[621],"tags":[],"class_list":["post-94722","post","type-post","status-publish","format-standard","has-post-thumbnail","hentry","category-regionales"],"aioseo_notices":[],"gutentor_comment":0,"jetpack_featured_media_url":"https:\/\/eldiariodesanpedro.com.ar\/sitio\/wp-content\/uploads\/2021\/06\/206691856_1729454053909257_8269729046336264302_n.jpg","jetpack_shortlink":"https:\/\/wp.me\/p6RhLt-oDM","jetpack_sharing_enabled":true,"_links":{"self":[{"href":"https:\/\/eldiariodesanpedro.com.ar\/sitio\/wp-json\/wp\/v2\/posts\/94722","targetHints":{"allow":["GET"]}}],"collection":[{"href":"https:\/\/eldiariodesanpedro.com.ar\/sitio\/wp-json\/wp\/v2\/posts"}],"about":[{"href":"https:\/\/eldiariodesanpedro.com.ar\/sitio\/wp-json\/wp\/v2\/types\/post"}],"author":[{"embeddable":true,"href":"https:\/\/eldiariodesanpedro.com.ar\/sitio\/wp-json\/wp\/v2\/users\/4"}],"replies":[{"embeddable":true,"href":"https:\/\/eldiariodesanpedro.com.ar\/sitio\/wp-json\/wp\/v2\/comments?post=94722"}],"version-history":[{"count":1,"href":"https:\/\/eldiariodesanpedro.com.ar\/sitio\/wp-json\/wp\/v2\/posts\/94722\/revisions"}],"predecessor-version":[{"id":94724,"href":"https:\/\/eldiariodesanpedro.com.ar\/sitio\/wp-json\/wp\/v2\/posts\/94722\/revisions\/94724"}],"wp:featuredmedia":[{"embeddable":true,"href":"https:\/\/eldiariodesanpedro.com.ar\/sitio\/wp-json\/wp\/v2\/media\/94723"}],"wp:attachment":[{"href":"https:\/\/eldiariodesanpedro.com.ar\/sitio\/wp-json\/wp\/v2\/media?parent=94722"}],"wp:term":[{"taxonomy":"category","embeddable":true,"href":"https:\/\/eldiariodesanpedro.com.ar\/sitio\/wp-json\/wp\/v2\/categories?post=94722"},{"taxonomy":"post_tag","embeddable":true,"href":"https:\/\/eldiariodesanpedro.com.ar\/sitio\/wp-json\/wp\/v2\/tags?post=94722"}],"curies":[{"name":"wp","href":"https:\/\/api.w.org\/{rel}","templated":true}]}}