{"id":94716,"date":"2021-06-24T20:29:49","date_gmt":"2021-06-24T23:29:49","guid":{"rendered":"https:\/\/eldiariodesanpedro.com.ar\/sitio\/?p=94716"},"modified":"2021-06-24T20:32:18","modified_gmt":"2021-06-24T23:32:18","slug":"baradero-desesperada-busqueda-de-una-interna-de-apand","status":"publish","type":"post","link":"https:\/\/eldiariodesanpedro.com.ar\/sitio\/baradero-desesperada-busqueda-de-una-interna-de-apand\/","title":{"rendered":"BARADERO | Desesperada b\u00fasqueda de una interna de APAND"},"content":{"rendered":"<!-- VideographyWP Plugin Message: Automatic video embedding prevented by plugin options. -->\n\n<p>La joven se hab\u00eda retirado en la tarde de Mi\u00e9rcoles desde la residencia ubicada en Lino Pi\u00f1eiro y hasta el momento no regres\u00f3. Se trata de Abigail Saavedra de 21 a\u00f1os. Se radic\u00f3 la denuncia correspondiente en la Comisar\u00eda local y la Polic\u00eda se encuentra abocada a la b\u00fasqueda.<\/p>\n\n\n\n<p>El Subsecretario de Seguridad, Sergio Lucero, declar\u00f3 que fueron 4 las j\u00f3venes que se escaparon de la instituci\u00f3n; dos de ellas regresaron por su cuenta, una tercera se descompens\u00f3 y al ser asistida fue devuelta y la \u00faltima contin\u00faa desaparecida.<a href=\"https:\/\/tulineadirecta.com\/author\/tulineadirecta1\/\"><\/a><\/p>\n\n\n\n<p>\u201cLo \u00fanico que sabemos es que Abigail corri\u00f3 hacia la ruta\u201d lo dijo Patricia Corcor\u00e1n, Directora del Hogar Lino Pi\u00f1eiro donde en el d\u00eda de ayer se escaparon cuatro internas y una de ellas a\u00fan contin\u00faa desaparecida. Polic\u00eda comunal est\u00e1 abocada en la b\u00fasqueda.<\/p>\n\n\n\n<p>\u201cAbigail muchas veces nos ha dicho que quer\u00eda irse con su mam\u00e1\u201d cont\u00f3 Patricia, quien sospecha que la j\u00f3ven de 21 a\u00f1os debe haber aprovechado la situaci\u00f3n de fuga de sus compa\u00f1eras para seguirlas.<\/p>\n\n\n\n<p>Ante cualquier dato informar de inmediato a la seccional policial: 480115.<\/p>\n\n\n\n<p>Fuente: <a href=\"https:\/\/tulineadirecta.com\/lo-unico-que-sabemos-es-que-abigail-corrio-hacia-la-ruta\/\">tu Linea Directa<\/a><\/p>\n\n\n\n<div class=\"wp-block-image\"><figure class=\"aligncenter size-large is-resized\"><img decoding=\"async\" data-attachment-id=\"94718\" data-permalink=\"https:\/\/eldiariodesanpedro.com.ar\/sitio\/baradero-desesperada-busqueda-de-una-interna-de-apand\/apand\/\" data-orig-file=\"https:\/\/eldiariodesanpedro.com.ar\/sitio\/wp-content\/uploads\/2021\/06\/apand.png\" data-orig-size=\"321,366\" data-comments-opened=\"1\" data-image-meta=\"{&quot;aperture&quot;:&quot;0&quot;,&quot;credit&quot;:&quot;&quot;,&quot;camera&quot;:&quot;&quot;,&quot;caption&quot;:&quot;&quot;,&quot;created_timestamp&quot;:&quot;0&quot;,&quot;copyright&quot;:&quot;&quot;,&quot;focal_length&quot;:&quot;0&quot;,&quot;iso&quot;:&quot;0&quot;,&quot;shutter_speed&quot;:&quot;0&quot;,&quot;title&quot;:&quot;&quot;,&quot;orientation&quot;:&quot;0&quot;}\" data-image-title=\"apand\" data-image-description=\"\" data-image-caption=\"\" data-large-file=\"https:\/\/eldiariodesanpedro.com.ar\/sitio\/wp-content\/uploads\/2021\/06\/apand.png\" data-src=\"https:\/\/eldiariodesanpedro.com.ar\/sitio\/wp-content\/uploads\/2021\/06\/apand.png\" alt=\"\" class=\"wp-image-94718 lazyload\" width=\"522\" height=\"595\" data-srcset=\"https:\/\/eldiariodesanpedro.com.ar\/sitio\/wp-content\/uploads\/2021\/06\/apand.png 321w, https:\/\/eldiariodesanpedro.com.ar\/sitio\/wp-content\/uploads\/2021\/06\/apand-263x300.png 263w\" data-sizes=\"(max-width: 522px) 100vw, 522px\" src=\"data:image\/svg+xml;base64,PHN2ZyB3aWR0aD0iMSIgaGVpZ2h0PSIxIiB4bWxucz0iaHR0cDovL3d3dy53My5vcmcvMjAwMC9zdmciPjwvc3ZnPg==\" style=\"--smush-placeholder-width: 522px; --smush-placeholder-aspect-ratio: 522\/595;\" \/><\/figure><\/div>\n","protected":false},"excerpt":{"rendered":"<p>La joven se hab\u00eda retirado en la tarde de Mi\u00e9rcoles desde la residencia ubicada en Lino Pi\u00f1eiro y hasta el momento no regres\u00f3. Se trata de Abigail Saavedra de 21 a\u00f1os. Se radic\u00f3 la denuncia correspondiente en la Comisar\u00eda local y la Polic\u00eda se encuentra abocada a la b\u00fasqueda. El Subsecretario de Seguridad, Sergio Lucero, [&hellip;]<\/p>\n","protected":false},"author":4,"featured_media":94717,"comment_status":"open","ping_status":"closed","sticky":false,"template":"","format":"standard","meta":{"om_disable_all_campaigns":false,"_jetpack_memberships_contains_paid_content":false,"footnotes":""},"categories":[621],"tags":[],"class_list":["post-94716","post","type-post","status-publish","format-standard","has-post-thumbnail","hentry","category-regionales"],"aioseo_notices":[],"gutentor_comment":0,"jetpack_featured_media_url":"https:\/\/eldiariodesanpedro.com.ar\/sitio\/wp-content\/uploads\/2021\/06\/Sin-titulo-1-20.jpg","jetpack_shortlink":"https:\/\/wp.me\/p6RhLt-oDG","jetpack_sharing_enabled":true,"_links":{"self":[{"href":"https:\/\/eldiariodesanpedro.com.ar\/sitio\/wp-json\/wp\/v2\/posts\/94716","targetHints":{"allow":["GET"]}}],"collection":[{"href":"https:\/\/eldiariodesanpedro.com.ar\/sitio\/wp-json\/wp\/v2\/posts"}],"about":[{"href":"https:\/\/eldiariodesanpedro.com.ar\/sitio\/wp-json\/wp\/v2\/types\/post"}],"author":[{"embeddable":true,"href":"https:\/\/eldiariodesanpedro.com.ar\/sitio\/wp-json\/wp\/v2\/users\/4"}],"replies":[{"embeddable":true,"href":"https:\/\/eldiariodesanpedro.com.ar\/sitio\/wp-json\/wp\/v2\/comments?post=94716"}],"version-history":[{"count":2,"href":"https:\/\/eldiariodesanpedro.com.ar\/sitio\/wp-json\/wp\/v2\/posts\/94716\/revisions"}],"predecessor-version":[{"id":94721,"href":"https:\/\/eldiariodesanpedro.com.ar\/sitio\/wp-json\/wp\/v2\/posts\/94716\/revisions\/94721"}],"wp:featuredmedia":[{"embeddable":true,"href":"https:\/\/eldiariodesanpedro.com.ar\/sitio\/wp-json\/wp\/v2\/media\/94717"}],"wp:attachment":[{"href":"https:\/\/eldiariodesanpedro.com.ar\/sitio\/wp-json\/wp\/v2\/media?parent=94716"}],"wp:term":[{"taxonomy":"category","embeddable":true,"href":"https:\/\/eldiariodesanpedro.com.ar\/sitio\/wp-json\/wp\/v2\/categories?post=94716"},{"taxonomy":"post_tag","embeddable":true,"href":"https:\/\/eldiariodesanpedro.com.ar\/sitio\/wp-json\/wp\/v2\/tags?post=94716"}],"curies":[{"name":"wp","href":"https:\/\/api.w.org\/{rel}","templated":true}]}}