{"id":94713,"date":"2021-06-24T19:48:29","date_gmt":"2021-06-24T22:48:29","guid":{"rendered":"https:\/\/eldiariodesanpedro.com.ar\/sitio\/?p=94713"},"modified":"2021-06-24T19:48:33","modified_gmt":"2021-06-24T22:48:33","slug":"ramallo-la-justicia-ordena-la-reincorporacion-de-trabajadores-en-arrebeef","status":"publish","type":"post","link":"https:\/\/eldiariodesanpedro.com.ar\/sitio\/ramallo-la-justicia-ordena-la-reincorporacion-de-trabajadores-en-arrebeef\/","title":{"rendered":"RAMALLO | La justicia ordena la reincorporaci\u00f3n de trabajadores en ArreBeef"},"content":{"rendered":"<!-- VideographyWP Plugin Message: Automatic video embedding prevented by plugin options. -->\n\n<p><em>Este martes circul\u00f3 entre los trabajadores y sus familias una gran noticia que impacta dentro y fuera del frigor\u00edfico, una nueva cautelar favorable renueva la voluntad de ir por la reincorporaci\u00f3n de todos. La noticia de la cautelar a favor del \u00abPulga\u00bb, otro de los referentes de la lucha, se suma a la de Juan Cardozo, que lleg\u00f3 unos d\u00edas atr\u00e1s.<\/em><\/p>\n\n\n\n<p><strong>La justicia orden\u00f3 la reincorporaci\u00f3n de dos trabajadores, frente a este paso adelante, no hay tiempo que perder.<\/strong>&nbsp;Las trabajadoras y trabajadores de ArreBeef hace meses que vienen dando una importante pelea sin bajar los brazos, sosteniendo un espacio de olla popular y reparto de mercader\u00eda que juntan con colectas solidarias para que la lucha no se quiebre por hambre, y tambi\u00e9n llevando adelante acciones legales contra la patronal explotadora de P\u00e9rez Mill\u00e1n. Adem\u00e1s, se movilizaron en Capital y Rosario junto a organizaciones sociales y de izquierda, a partir de las importantes reuniones de trabajadores en lucha de las que fueron parte a trav\u00e9s de Zoom, impulsadas por Madygraf y Hey Latam, y de otras instancias virtuales. Este martes la noticia de la segunda cautelar que obliga al frigor\u00edfico a que estos trabajadores vuelvan a sus puestos de trabajo circul\u00f3 muy r\u00e1pidamente.<\/p>\n\n\n\n<p><strong>Este nuevo fallo es un golpe al fraude laboral del frigor\u00edfico, que trata a los trabajadores como criminales, los persigue con causas penales y los pone en listas negras para que no puedan conseguir otros laburos.<\/strong>\u00a0Una patronal que llev\u00f3 adelante un plan para descartar a decenas de obreros y obreras, que pelearon por sus derechos y mejoras laborales.\u00a0<strong>Este ejemplo renueva las fuerzas entre todos los despedidos para pelear por sus puestos de trabajo y sienta un importante precedente en la defensa de los trabajadores, donde los empresarios les descargan las consecuencias de esta crisis.<\/strong><\/p>\n\n\n\n<p>Funete: <a href=\"ttps:\/\/www.laizquierdadiario.com\/\">La Izquierda Diario<\/a><\/p>\n","protected":false},"excerpt":{"rendered":"<p>Este martes circul\u00f3 entre los trabajadores y sus familias una gran noticia que impacta dentro y fuera del frigor\u00edfico, una nueva cautelar favorable renueva la voluntad de ir por la reincorporaci\u00f3n de todos. La noticia de la cautelar a favor del \u00abPulga\u00bb, otro de los referentes de la lucha, se suma a la de Juan [&hellip;]<\/p>\n","protected":false},"author":4,"featured_media":94714,"comment_status":"open","ping_status":"closed","sticky":false,"template":"","format":"standard","meta":{"om_disable_all_campaigns":false,"_jetpack_memberships_contains_paid_content":false,"footnotes":""},"categories":[621],"tags":[],"class_list":["post-94713","post","type-post","status-publish","format-standard","has-post-thumbnail","hentry","category-regionales"],"aioseo_notices":[],"gutentor_comment":0,"jetpack_featured_media_url":"https:\/\/eldiariodesanpedro.com.ar\/sitio\/wp-content\/uploads\/2021\/06\/arton200906-d189b.jpg","jetpack_shortlink":"https:\/\/wp.me\/p6RhLt-oDD","jetpack_sharing_enabled":true,"_links":{"self":[{"href":"https:\/\/eldiariodesanpedro.com.ar\/sitio\/wp-json\/wp\/v2\/posts\/94713","targetHints":{"allow":["GET"]}}],"collection":[{"href":"https:\/\/eldiariodesanpedro.com.ar\/sitio\/wp-json\/wp\/v2\/posts"}],"about":[{"href":"https:\/\/eldiariodesanpedro.com.ar\/sitio\/wp-json\/wp\/v2\/types\/post"}],"author":[{"embeddable":true,"href":"https:\/\/eldiariodesanpedro.com.ar\/sitio\/wp-json\/wp\/v2\/users\/4"}],"replies":[{"embeddable":true,"href":"https:\/\/eldiariodesanpedro.com.ar\/sitio\/wp-json\/wp\/v2\/comments?post=94713"}],"version-history":[{"count":1,"href":"https:\/\/eldiariodesanpedro.com.ar\/sitio\/wp-json\/wp\/v2\/posts\/94713\/revisions"}],"predecessor-version":[{"id":94715,"href":"https:\/\/eldiariodesanpedro.com.ar\/sitio\/wp-json\/wp\/v2\/posts\/94713\/revisions\/94715"}],"wp:featuredmedia":[{"embeddable":true,"href":"https:\/\/eldiariodesanpedro.com.ar\/sitio\/wp-json\/wp\/v2\/media\/94714"}],"wp:attachment":[{"href":"https:\/\/eldiariodesanpedro.com.ar\/sitio\/wp-json\/wp\/v2\/media?parent=94713"}],"wp:term":[{"taxonomy":"category","embeddable":true,"href":"https:\/\/eldiariodesanpedro.com.ar\/sitio\/wp-json\/wp\/v2\/categories?post=94713"},{"taxonomy":"post_tag","embeddable":true,"href":"https:\/\/eldiariodesanpedro.com.ar\/sitio\/wp-json\/wp\/v2\/tags?post=94713"}],"curies":[{"name":"wp","href":"https:\/\/api.w.org\/{rel}","templated":true}]}}