{"id":94710,"date":"2021-06-24T19:38:45","date_gmt":"2021-06-24T22:38:45","guid":{"rendered":"https:\/\/eldiariodesanpedro.com.ar\/sitio\/?p=94710"},"modified":"2021-06-24T19:38:51","modified_gmt":"2021-06-24T22:38:51","slug":"adrian-spotti-el-tema-de-las-secuelas-post-covid-es-lo-que-se-viene","status":"publish","type":"post","link":"https:\/\/eldiariodesanpedro.com.ar\/sitio\/adrian-spotti-el-tema-de-las-secuelas-post-covid-es-lo-que-se-viene\/","title":{"rendered":"Adri\u00e1n Spotti: \u201cEl tema de las secuelas post covid es lo que se viene\u201d"},"content":{"rendered":"<!-- VideographyWP Plugin Message: Automatic video embedding prevented by plugin options. -->\n\n<p>El bioqu\u00edmico jefe del laboratorio del Hospital \u201cEmilio Ruffa\u201d habl\u00f3 en el aire de FM G\u00e9nesis y evalu\u00f3 la situaci\u00f3n actual de la pandemia en la ciudad y el accionar del \u00e1rea que dirige.<\/p>\n\n\n\n<p>La situaci\u00f3n sanitaria de la ciudad presenta una merma en la cantidad de casos y no solo permiti\u00f3 pasar a fase 3 sino tambi\u00e9n lograr cierta expectativa en recuperar la ansiada normalidad a corto plazo siempre con todos los protocolos vigentes.<\/p>\n\n\n\n<p>D\u00edas atr\u00e1s el personal sanitario, encabezado entre otros por el bioqu\u00edmico Adri\u00e1n Spotti, jefe del laboratorio del Hospital \u201cEmilio Ruffa\u201d, realiz\u00f3 un operativo en el barrio La Tosquera para evaluar la situaci\u00f3n en ese sector de la ciudad pero tambi\u00e9n es incesante la labor diaria que realiza el personal laboratorista en el consultorio rojo y tambi\u00e9n en el amarillo. &nbsp;&nbsp;&nbsp;&nbsp;<\/p>\n\n\n\n<p>\u201cEn una charla que hemos tenido con un infect\u00f3logo del hospital Mu\u00f1iz, si bien uno prev\u00e9 que la pandemia puede ir aflojando con menor cantidad de caso y aumenta el nivel de vacunaci\u00f3n, nos dec\u00edan que lo que se viene ahora es el tratamiento de los pacientes que atravesaron la enfermedad y que llaman s\u00edndrome post covid-19 y las secuelas que va dejando\u201d, coment\u00f3 Spotti en el aire de FM G\u00e9nesis.<\/p>\n\n\n\n<p>\u201cSe han hecho estudios en distintas partes del mundo y los resultados es que el 60 o 50% quedan con fatiga o tardan entre cinco y seis meses en recuperar el gusto o el olfato. El tema psicol\u00f3gico en los chicos, la falta de ir a la escuela, el club, eso tambi\u00e9n se est\u00e1 estudiando. El tema de las secuelas es muy importante, y cuando m\u00e1s grave sea el covid m\u00e1s secuelas le van a quedar\u201d.<\/p>\n\n\n\n<p>\u201cHoy uno de los factores de riesgos es la obesidad y muchas veces el paciente va acompa\u00f1ado de otras patolog\u00edas que agravan el cuadro. Los m\u00e1s graves siempre han sido personas con sobrepeso\u201d, reconoci\u00f3 el jefe del laboratorio. \u201cPero el tema de las secuelas es lo que se viene, y se est\u00e1 estudiando a nivel mundial\u201d. \u201cVamos a tener mucho trabajo por delante\u201d.<\/p>\n\n\n\n<p>Con respecto al trabajo del laboratorio y el desgaste en el personal, Adri\u00e1n Spotti se\u00f1al\u00f3: \u201cEn insumos estamos bien y si aparece algun retraso es por la propia demanda que hay a nivel mundial no afecta. Pero por suerte en el hospital estamos bien, nos llegan reactivos todas las semanas y eso es importante\u201d.<\/p>\n\n\n\n<p>\u201cEl personal est\u00e1 agotado, f\u00edsica y mentalmente, igual creemos que no se toma una real magnitud de lo que estamos pasando. Por ejemplo, en el laboratorio nunca se pudo hacer burbuja y lo mismo a otras \u00e1reas, y si hab\u00eda alguien afectado hab\u00eda que relevarlo\u201d.<\/p>\n\n\n\n<p>Fuente: <a href=\"https:\/\/www.sanpedroinforma.com.ar\/nota\/124265\/sociedad\/adrian-spotti-el-tema-de-las-secuelas-post-covid-es-lo-que-se-viene.html\">San Pedro Informa<\/a><\/p>\n","protected":false},"excerpt":{"rendered":"<p>El bioqu\u00edmico jefe del laboratorio del Hospital \u201cEmilio Ruffa\u201d habl\u00f3 en el aire de FM G\u00e9nesis y evalu\u00f3 la situaci\u00f3n actual de la pandemia en la ciudad y el accionar del \u00e1rea que dirige. La situaci\u00f3n sanitaria de la ciudad presenta una merma en la cantidad de casos y no solo permiti\u00f3 pasar a fase [&hellip;]<\/p>\n","protected":false},"author":4,"featured_media":94711,"comment_status":"open","ping_status":"closed","sticky":false,"template":"","format":"standard","meta":{"om_disable_all_campaigns":false,"_jetpack_memberships_contains_paid_content":false,"footnotes":""},"categories":[50,101,2],"tags":[],"class_list":["post-94710","post","type-post","status-publish","format-standard","has-post-thumbnail","hentry","category-destacadas","category-interes-general-locales","category-locales"],"aioseo_notices":[],"gutentor_comment":0,"jetpack_featured_media_url":"https:\/\/eldiariodesanpedro.com.ar\/sitio\/wp-content\/uploads\/2021\/06\/000092106.jpg","jetpack_shortlink":"https:\/\/wp.me\/p6RhLt-oDA","jetpack_sharing_enabled":true,"_links":{"self":[{"href":"https:\/\/eldiariodesanpedro.com.ar\/sitio\/wp-json\/wp\/v2\/posts\/94710","targetHints":{"allow":["GET"]}}],"collection":[{"href":"https:\/\/eldiariodesanpedro.com.ar\/sitio\/wp-json\/wp\/v2\/posts"}],"about":[{"href":"https:\/\/eldiariodesanpedro.com.ar\/sitio\/wp-json\/wp\/v2\/types\/post"}],"author":[{"embeddable":true,"href":"https:\/\/eldiariodesanpedro.com.ar\/sitio\/wp-json\/wp\/v2\/users\/4"}],"replies":[{"embeddable":true,"href":"https:\/\/eldiariodesanpedro.com.ar\/sitio\/wp-json\/wp\/v2\/comments?post=94710"}],"version-history":[{"count":1,"href":"https:\/\/eldiariodesanpedro.com.ar\/sitio\/wp-json\/wp\/v2\/posts\/94710\/revisions"}],"predecessor-version":[{"id":94712,"href":"https:\/\/eldiariodesanpedro.com.ar\/sitio\/wp-json\/wp\/v2\/posts\/94710\/revisions\/94712"}],"wp:featuredmedia":[{"embeddable":true,"href":"https:\/\/eldiariodesanpedro.com.ar\/sitio\/wp-json\/wp\/v2\/media\/94711"}],"wp:attachment":[{"href":"https:\/\/eldiariodesanpedro.com.ar\/sitio\/wp-json\/wp\/v2\/media?parent=94710"}],"wp:term":[{"taxonomy":"category","embeddable":true,"href":"https:\/\/eldiariodesanpedro.com.ar\/sitio\/wp-json\/wp\/v2\/categories?post=94710"},{"taxonomy":"post_tag","embeddable":true,"href":"https:\/\/eldiariodesanpedro.com.ar\/sitio\/wp-json\/wp\/v2\/tags?post=94710"}],"curies":[{"name":"wp","href":"https:\/\/api.w.org\/{rel}","templated":true}]}}