{"id":94702,"date":"2021-06-24T18:39:52","date_gmt":"2021-06-24T21:39:52","guid":{"rendered":"https:\/\/eldiariodesanpedro.com.ar\/sitio\/?p=94702"},"modified":"2021-06-24T18:40:38","modified_gmt":"2021-06-24T21:40:38","slug":"asamblea-ordinaria-de-club-deportivo-central-cordoba","status":"publish","type":"post","link":"https:\/\/eldiariodesanpedro.com.ar\/sitio\/asamblea-ordinaria-de-club-deportivo-central-cordoba\/","title":{"rendered":"Asamblea Ordinaria de Club Deportivo Central C\u00f3rdoba"},"content":{"rendered":"<!-- VideographyWP Plugin Message: Automatic video embedding prevented by plugin options. -->\n\n<p><strong><u>CONVOCATORIA A ASAMBLEA ORDINARIA<\/u><\/strong><\/p>\n\n\n\n<p>Santa Lucia, 23 de Junio del 2021.-<\/p>\n\n\n\n<p>La Comisi\u00f3n Directiva del Club Deportivo Central C\u00f3rdoba con domicilio en Av. O\u00b4 Farrell N\u00ba 463 de la Localidad de Santa Lucia, Partido San Pedro, convoca a los Se\u00f1ores Socios a la Asamblea Ordinaria de los ejercicios finalizados en los a\u00f1os 2019 y 2020, a celebrarse en el campo deportivo situado en calle Av. Harrington entre Belgrano y Sarmiento, seg\u00fan autorizaci\u00f3n municipal, el d\u00eda 23 del mes de Julio del a\u00f1o 2021, a las 16 hs. en primera convocatoria y 17 hs en segunda convocatoria, para considerar el siguiente \u201cOrden del d\u00eda\u201d;<\/p>\n\n\n\n<p><strong>1-<\/strong> Motivos por los cuales la Asamblea se celebra fuera del t\u00e9rmino estatutario.-<br><strong>2-<\/strong> Elecci\u00f3n de dos socios para firmar el acta, juntamente con el Sr. Presidente y el Sr. Secretario.-<br><strong>3-<\/strong> Consideraci\u00f3n de la Memoria y Balance del ejercicio finalizado el 31 de Julio del 2019.-<br><strong>4-<\/strong> Consideraci\u00f3n de la Memoria y Balance del ejercicio finalizado el 31 de Julio del 2020.-<br><strong>5-<\/strong> Elecci\u00f3n de la Junta Escrutadora.-<br><strong>6-<\/strong> Elecci\u00f3n de la Comisi\u00f3n Directiva conforme a lo establecido en el Estatuto Social. Por finalizaci\u00f3n de Mandato.-<br><strong>7-<\/strong> Proclamaci\u00f3n de la lista ganadora.-<\/p>\n\n\n\n<p><strong>\u00a0\u00a0\u00a0\u00a0\u00a0\u00a0\u00a0\u00a0\u00a0\u00a0\u00a0\u00a0\u00a0\u00a0\u00a0\u00a0\u00a0\u00a0\u00a0\u00a0\u00a0\u00a0\u00a0\u00a0\u00a0\u00a0\u00a0\u00a0\u00a0\u00a0 C.D.C.C.\u00a0\u00a0\u00a0\u00a0\u00a0\u00a0\u00a0\u00a0\u00a0\u00a0\u00a0\u00a0\u00a0\u00a0\u00a0\u00a0 \u00a0\u00a0\u00a0\u00a0\u00a0\u00a0\u00a0\u00a0\u00a0\u00a0\u00a0\u00a0\u00a0\u00a0\u00a0\u00a0\u00a0\u00a0\u00a0\u00a0\u00a0\u00a0\u00a0\u00a0\u00a0\u00a0\u00a0\u00a0\u00a0\u00a0\u00a0\u00a0\u00a0\u00a0\u00a0\u00a0\u00a0\u00a0\u00a0\u00a0\u00a0\u00a0\u00a0\u00a0\u00a0\u00a0C.D.C.C.<\/strong><br><em>\u00a0\u00a0\u00a0\u00a0\u00a0\u00a0\u00a0\u00a0\u00a0\u00a0\u00a0\u00a0\u00a0\u00a0\u00a0\u00a0\u00a0\u00a0\u00a0\u00a0\u00a0\u00a0 Mariano N Martinez\u00a0\u00a0\u00a0\u00a0\u00a0\u00a0\u00a0\u00a0\u00a0\u00a0\u00a0\u00a0\u00a0\u00a0\u00a0\u00a0\u00a0\u00a0\u00a0\u00a0\u00a0\u00a0\u00a0\u00a0\u00a0\u00a0\u00a0\u00a0\u00a0\u00a0\u00a0\u00a0\u00a0\u00a0\u00a0\u00a0\u00a0\u00a0\u00a0\u00a0\u00a0\u00a0\u00a0\u00a0\u00a0 \u00a0\u00a0Jose B Camarote<\/em><br>\u00a0\u00a0\u00a0\u00a0\u00a0\u00a0\u00a0\u00a0\u00a0\u00a0\u00a0\u00a0\u00a0\u00a0\u00a0\u00a0\u00a0\u00a0\u00a0\u00a0\u00a0\u00a0\u00a0\u00a0\u00a0\u00a0\u00a0 <strong>Secretario\u00a0\u00a0\u00a0\u00a0\u00a0\u00a0\u00a0\u00a0\u00a0\u00a0\u00a0\u00a0\u00a0\u00a0\u00a0\u00a0\u00a0\u00a0\u00a0\u00a0\u00a0\u00a0\u00a0\u00a0\u00a0\u00a0\u00a0\u00a0\u00a0\u00a0\u00a0\u00a0\u00a0\u00a0\u00a0\u00a0\u00a0\u00a0\u00a0\u00a0\u00a0\u00a0\u00a0\u00a0\u00a0\u00a0\u00a0\u00a0\u00a0\u00a0\u00a0\u00a0\u00a0\u00a0\u00a0\u00a0 Presidente Interino<\/strong><\/p>\n","protected":false},"excerpt":{"rendered":"<p>CONVOCATORIA A ASAMBLEA ORDINARIA Santa Lucia, 23 de Junio del 2021.- La Comisi\u00f3n Directiva del Club Deportivo Central C\u00f3rdoba con domicilio en Av. O\u00b4 Farrell N\u00ba 463 de la Localidad de Santa Lucia, Partido San Pedro, convoca a los Se\u00f1ores Socios a la Asamblea Ordinaria de los ejercicios finalizados en los a\u00f1os 2019 y 2020, [&hellip;]<\/p>\n","protected":false},"author":4,"featured_media":94703,"comment_status":"open","ping_status":"closed","sticky":false,"template":"","format":"standard","meta":{"om_disable_all_campaigns":false,"_jetpack_memberships_contains_paid_content":false,"footnotes":""},"categories":[678,676],"tags":[],"class_list":["post-94702","post","type-post","status-publish","format-standard","has-post-thumbnail","hentry","category-convocatorias","category-edictos"],"aioseo_notices":[],"gutentor_comment":0,"jetpack_featured_media_url":"https:\/\/eldiariodesanpedro.com.ar\/sitio\/wp-content\/uploads\/2021\/06\/Central-Cordoba-2021.jpg","jetpack_shortlink":"https:\/\/wp.me\/p6RhLt-oDs","jetpack_sharing_enabled":true,"_links":{"self":[{"href":"https:\/\/eldiariodesanpedro.com.ar\/sitio\/wp-json\/wp\/v2\/posts\/94702","targetHints":{"allow":["GET"]}}],"collection":[{"href":"https:\/\/eldiariodesanpedro.com.ar\/sitio\/wp-json\/wp\/v2\/posts"}],"about":[{"href":"https:\/\/eldiariodesanpedro.com.ar\/sitio\/wp-json\/wp\/v2\/types\/post"}],"author":[{"embeddable":true,"href":"https:\/\/eldiariodesanpedro.com.ar\/sitio\/wp-json\/wp\/v2\/users\/4"}],"replies":[{"embeddable":true,"href":"https:\/\/eldiariodesanpedro.com.ar\/sitio\/wp-json\/wp\/v2\/comments?post=94702"}],"version-history":[{"count":2,"href":"https:\/\/eldiariodesanpedro.com.ar\/sitio\/wp-json\/wp\/v2\/posts\/94702\/revisions"}],"predecessor-version":[{"id":94705,"href":"https:\/\/eldiariodesanpedro.com.ar\/sitio\/wp-json\/wp\/v2\/posts\/94702\/revisions\/94705"}],"wp:featuredmedia":[{"embeddable":true,"href":"https:\/\/eldiariodesanpedro.com.ar\/sitio\/wp-json\/wp\/v2\/media\/94703"}],"wp:attachment":[{"href":"https:\/\/eldiariodesanpedro.com.ar\/sitio\/wp-json\/wp\/v2\/media?parent=94702"}],"wp:term":[{"taxonomy":"category","embeddable":true,"href":"https:\/\/eldiariodesanpedro.com.ar\/sitio\/wp-json\/wp\/v2\/categories?post=94702"},{"taxonomy":"post_tag","embeddable":true,"href":"https:\/\/eldiariodesanpedro.com.ar\/sitio\/wp-json\/wp\/v2\/tags?post=94702"}],"curies":[{"name":"wp","href":"https:\/\/api.w.org\/{rel}","templated":true}]}}