{"id":94693,"date":"2021-06-24T13:48:34","date_gmt":"2021-06-24T16:48:34","guid":{"rendered":"https:\/\/eldiariodesanpedro.com.ar\/sitio\/?p=94693"},"modified":"2021-06-24T13:48:34","modified_gmt":"2021-06-24T16:48:34","slug":"reunion-con-la-coordinadora-del-plan-de-vacunacion-y-la-jefa-de-la-udai-de-anses","status":"publish","type":"post","link":"https:\/\/eldiariodesanpedro.com.ar\/sitio\/reunion-con-la-coordinadora-del-plan-de-vacunacion-y-la-jefa-de-la-udai-de-anses\/","title":{"rendered":"Reuni\u00f3n con la Coordinadora del Plan de Vacunaci\u00f3n y la Jefa de la UDAI de ANSES"},"content":{"rendered":"<!-- VideographyWP Plugin Message: Automatic video embedding prevented by plugin options. -->\n\n<p>El Intendente Municipal Cecilio Salazar y el Secretario de Coordinaci\u00f3n Ram\u00f3n Salazar recibieron esta ma\u00f1ana a la Coordinadora del Plan de Vacunaci\u00f3n Camila Caballero y a la Jefa de la UDAI de ANSES Tamara Vlaeminck, para compartir un relevamiento sobre la marcha del operativo que se viene llevando adelante en San Pedro.<\/p>\n\n\n\n<p>El Intendente destac\u00f3 y agradeci\u00f3 el compromiso puesto de manifiesto por todos los que est\u00e1n participando de este programa de vacunaci\u00f3n, interactuando de manera fluida con la Secretar\u00eda de Salud y con un gran esfuerzo por brindarles a todos los sampedrinos, la atenci\u00f3n que merecen ante esta situaci\u00f3n tan compleja.<\/p>\n\n\n\n<p>El jefe comunal tambi\u00e9n les expres\u00f3 los mensajes de agradecimiento que algunos vecinos y vecinas le han hecho llegar personalmente, felicitando por la calidad humana y la dedicaci\u00f3n que a diario demuestran quienes tienen en sus manos la responsabilidad de cumplir con el operativo en la posta sanitaria que funciona en las instalaciones del Club de Jubilados.<\/p>\n\n\n\n<p>A punto de superar las 25.000 dosis aplicadas, la reuni\u00f3n coincidi\u00f3 con la llegada de 1600 nuevas vacunas Sinopharm que ser\u00e1n administradas en pr\u00f3ximos turnos asignados por el sistema y a los mayores de 55 a\u00f1os que se presenten a recibir su primera dosis, sin haberse anotado previamente.<\/p>\n\n\n\n<p>Analizaron tambi\u00e9n otros detalles relacionados con la informaci\u00f3n que se aguarda con respecto a la llegada de segundas dosis y diferentes cuestiones operativas en las que se trabaja de manera conjunta para llegar con las inscripciones y las vacunas a la mayor parte de nuestra comunidad.<\/p>\n","protected":false},"excerpt":{"rendered":"<p>El Intendente Municipal Cecilio Salazar y el Secretario de Coordinaci\u00f3n Ram\u00f3n Salazar recibieron esta ma\u00f1ana a la Coordinadora del Plan de Vacunaci\u00f3n Camila Caballero y a la Jefa de la UDAI de ANSES Tamara Vlaeminck, para compartir un relevamiento sobre la marcha del operativo que se viene llevando adelante en San Pedro. El Intendente destac\u00f3 [&hellip;]<\/p>\n","protected":false},"author":4,"featured_media":94694,"comment_status":"open","ping_status":"closed","sticky":false,"template":"","format":"standard","meta":{"om_disable_all_campaigns":false,"_jetpack_memberships_contains_paid_content":false,"footnotes":""},"categories":[50,101,2],"tags":[],"class_list":["post-94693","post","type-post","status-publish","format-standard","has-post-thumbnail","hentry","category-destacadas","category-interes-general-locales","category-locales"],"aioseo_notices":[],"gutentor_comment":0,"jetpack_featured_media_url":"https:\/\/eldiariodesanpedro.com.ar\/sitio\/wp-content\/uploads\/2021\/06\/WhatsApp-Image-2021-06-24-at-13.19.31.jpeg","jetpack_shortlink":"https:\/\/wp.me\/p6RhLt-oDj","jetpack_sharing_enabled":true,"_links":{"self":[{"href":"https:\/\/eldiariodesanpedro.com.ar\/sitio\/wp-json\/wp\/v2\/posts\/94693","targetHints":{"allow":["GET"]}}],"collection":[{"href":"https:\/\/eldiariodesanpedro.com.ar\/sitio\/wp-json\/wp\/v2\/posts"}],"about":[{"href":"https:\/\/eldiariodesanpedro.com.ar\/sitio\/wp-json\/wp\/v2\/types\/post"}],"author":[{"embeddable":true,"href":"https:\/\/eldiariodesanpedro.com.ar\/sitio\/wp-json\/wp\/v2\/users\/4"}],"replies":[{"embeddable":true,"href":"https:\/\/eldiariodesanpedro.com.ar\/sitio\/wp-json\/wp\/v2\/comments?post=94693"}],"version-history":[{"count":1,"href":"https:\/\/eldiariodesanpedro.com.ar\/sitio\/wp-json\/wp\/v2\/posts\/94693\/revisions"}],"predecessor-version":[{"id":94695,"href":"https:\/\/eldiariodesanpedro.com.ar\/sitio\/wp-json\/wp\/v2\/posts\/94693\/revisions\/94695"}],"wp:featuredmedia":[{"embeddable":true,"href":"https:\/\/eldiariodesanpedro.com.ar\/sitio\/wp-json\/wp\/v2\/media\/94694"}],"wp:attachment":[{"href":"https:\/\/eldiariodesanpedro.com.ar\/sitio\/wp-json\/wp\/v2\/media?parent=94693"}],"wp:term":[{"taxonomy":"category","embeddable":true,"href":"https:\/\/eldiariodesanpedro.com.ar\/sitio\/wp-json\/wp\/v2\/categories?post=94693"},{"taxonomy":"post_tag","embeddable":true,"href":"https:\/\/eldiariodesanpedro.com.ar\/sitio\/wp-json\/wp\/v2\/tags?post=94693"}],"curies":[{"name":"wp","href":"https:\/\/api.w.org\/{rel}","templated":true}]}}