{"id":94690,"date":"2021-06-24T13:14:16","date_gmt":"2021-06-24T16:14:16","guid":{"rendered":"https:\/\/eldiariodesanpedro.com.ar\/sitio\/?p=94690"},"modified":"2021-06-24T13:14:19","modified_gmt":"2021-06-24T16:14:19","slug":"daniel-gollan-visitara-san-pedro-manana-recorrera-el-vacunatorio-y-el-hospital-local","status":"publish","type":"post","link":"https:\/\/eldiariodesanpedro.com.ar\/sitio\/daniel-gollan-visitara-san-pedro-manana-recorrera-el-vacunatorio-y-el-hospital-local\/","title":{"rendered":"Daniel Goll\u00e1n visitar\u00e1 San Pedro, ma\u00f1ana recorrer\u00e1 el vacunatorio y el hospital local"},"content":{"rendered":"<!-- VideographyWP Plugin Message: Automatic video embedding prevented by plugin options. -->\n\n<p>La Municipalidad de San Pedro informa que ma\u00f1ana viernes 25 de junio visitar\u00e1 nuestra ciudad el Ministro de Salud de la Provincia de Buenos Aires, Dr. Daniel Goll\u00e1n.<\/p>\n\n\n\n<p>Acompa\u00f1ado por funcionarios de su cartera mantendr\u00e1 una reuni\u00f3n con el Intendente y realizar\u00e1 una serie de visitas que concluir\u00e1n con una recorrida por el Hospital Emilio Ruffa.<\/p>\n\n\n\n<p>Se realizara una conferencia de prensa con el Intendente y el Ministro a acercarse al Hospital a las 14.30 en donde se coordinar\u00e1 el espacio m\u00e1s apropiado para realizar esta charla cumpliendo con todas las medidas de prevenci\u00f3n.<\/p>\n","protected":false},"excerpt":{"rendered":"<p>La Municipalidad de San Pedro informa que ma\u00f1ana viernes 25 de junio visitar\u00e1 nuestra ciudad el Ministro de Salud de la Provincia de Buenos Aires, Dr. Daniel Goll\u00e1n. Acompa\u00f1ado por funcionarios de su cartera mantendr\u00e1 una reuni\u00f3n con el Intendente y realizar\u00e1 una serie de visitas que concluir\u00e1n con una recorrida por el Hospital Emilio [&hellip;]<\/p>\n","protected":false},"author":4,"featured_media":94691,"comment_status":"open","ping_status":"closed","sticky":false,"template":"","format":"standard","meta":{"om_disable_all_campaigns":false,"_jetpack_memberships_contains_paid_content":false,"footnotes":""},"categories":[50,101,2],"tags":[],"class_list":["post-94690","post","type-post","status-publish","format-standard","has-post-thumbnail","hentry","category-destacadas","category-interes-general-locales","category-locales"],"aioseo_notices":[],"gutentor_comment":0,"jetpack_featured_media_url":"https:\/\/eldiariodesanpedro.com.ar\/sitio\/wp-content\/uploads\/2021\/06\/6063305ca6388_1004x565.jpg","jetpack_shortlink":"https:\/\/wp.me\/p6RhLt-oDg","jetpack_sharing_enabled":true,"_links":{"self":[{"href":"https:\/\/eldiariodesanpedro.com.ar\/sitio\/wp-json\/wp\/v2\/posts\/94690","targetHints":{"allow":["GET"]}}],"collection":[{"href":"https:\/\/eldiariodesanpedro.com.ar\/sitio\/wp-json\/wp\/v2\/posts"}],"about":[{"href":"https:\/\/eldiariodesanpedro.com.ar\/sitio\/wp-json\/wp\/v2\/types\/post"}],"author":[{"embeddable":true,"href":"https:\/\/eldiariodesanpedro.com.ar\/sitio\/wp-json\/wp\/v2\/users\/4"}],"replies":[{"embeddable":true,"href":"https:\/\/eldiariodesanpedro.com.ar\/sitio\/wp-json\/wp\/v2\/comments?post=94690"}],"version-history":[{"count":1,"href":"https:\/\/eldiariodesanpedro.com.ar\/sitio\/wp-json\/wp\/v2\/posts\/94690\/revisions"}],"predecessor-version":[{"id":94692,"href":"https:\/\/eldiariodesanpedro.com.ar\/sitio\/wp-json\/wp\/v2\/posts\/94690\/revisions\/94692"}],"wp:featuredmedia":[{"embeddable":true,"href":"https:\/\/eldiariodesanpedro.com.ar\/sitio\/wp-json\/wp\/v2\/media\/94691"}],"wp:attachment":[{"href":"https:\/\/eldiariodesanpedro.com.ar\/sitio\/wp-json\/wp\/v2\/media?parent=94690"}],"wp:term":[{"taxonomy":"category","embeddable":true,"href":"https:\/\/eldiariodesanpedro.com.ar\/sitio\/wp-json\/wp\/v2\/categories?post=94690"},{"taxonomy":"post_tag","embeddable":true,"href":"https:\/\/eldiariodesanpedro.com.ar\/sitio\/wp-json\/wp\/v2\/tags?post=94690"}],"curies":[{"name":"wp","href":"https:\/\/api.w.org\/{rel}","templated":true}]}}