{"id":94686,"date":"2021-06-24T13:11:04","date_gmt":"2021-06-24T16:11:04","guid":{"rendered":"https:\/\/eldiariodesanpedro.com.ar\/sitio\/?p=94686"},"modified":"2021-06-24T13:11:14","modified_gmt":"2021-06-24T16:11:14","slug":"reunion-virtual-de-representantes-de-pueblos-turisticos","status":"publish","type":"post","link":"https:\/\/eldiariodesanpedro.com.ar\/sitio\/reunion-virtual-de-representantes-de-pueblos-turisticos\/","title":{"rendered":"Reuni\u00f3n virtual de representantes de pueblos tur\u00edsticos"},"content":{"rendered":"<!-- VideographyWP Plugin Message: Automatic video embedding prevented by plugin options. -->\n\n<p>En la ma\u00f1ana de hoy se llev\u00f3 a cabo un encuentro virtual, en el marco del programa pueblos tur\u00edsticos, entre el Ministerio de Trabajo y el Ministerio de Turismo para desarrollar la Ley provincial de Actividades Laborales de Autoempleo y Subsistencia (ALAS) N\u00ba 13.136.<\/p>\n\n\n\n<p>Participaron de la misma la Directora provincial de pueblos tur\u00edsticos Ana Lopez Delayague, el Director provincial Pablo Cabeza, Franca Venturi representando al Ministerio de trabajo entre otras autoridades.<\/p>\n\n\n\n<p>En representaci\u00f3n de San Pedro participaron la Delegada local del Ministerio de trabajo Dra. Sof\u00eda Rotundo y la Secretaria de Turismo Lic. Marcela Cu\u00f1er.<\/p>\n\n\n\n<p>Entre otras exposiciones se presentaron relevamientos de los trabajadores del turismo, ya sean artesanos, pescadores, hoteleros y dem\u00e1s, con la intenci\u00f3n de generar estos relevamientos en la regi\u00f3n 1.1 a la cual pertenece nuestra localidad mediante censos a todo aquel que viva del turismo, quienes acceder\u00e1n a diferentes beneficios al participar.<\/p>\n\n\n\n<figure class=\"wp-block-image size-large\"><img decoding=\"async\" width=\"960\" height=\"702\" data-attachment-id=\"94688\" data-permalink=\"https:\/\/eldiariodesanpedro.com.ar\/sitio\/reunion-virtual-de-representantes-de-pueblos-turisticos\/whatsapp-image-2021-06-24-at-12-09-18\/\" data-orig-file=\"https:\/\/eldiariodesanpedro.com.ar\/sitio\/wp-content\/uploads\/2021\/06\/WhatsApp-Image-2021-06-24-at-12.09.18.jpeg\" data-orig-size=\"960,702\" data-comments-opened=\"1\" data-image-meta=\"{&quot;aperture&quot;:&quot;0&quot;,&quot;credit&quot;:&quot;&quot;,&quot;camera&quot;:&quot;&quot;,&quot;caption&quot;:&quot;&quot;,&quot;created_timestamp&quot;:&quot;0&quot;,&quot;copyright&quot;:&quot;&quot;,&quot;focal_length&quot;:&quot;0&quot;,&quot;iso&quot;:&quot;0&quot;,&quot;shutter_speed&quot;:&quot;0&quot;,&quot;title&quot;:&quot;&quot;,&quot;orientation&quot;:&quot;0&quot;}\" data-image-title=\"WhatsApp-Image-2021-06-24-at-12.09.18\" data-image-description=\"\" data-image-caption=\"\" data-large-file=\"https:\/\/eldiariodesanpedro.com.ar\/sitio\/wp-content\/uploads\/2021\/06\/WhatsApp-Image-2021-06-24-at-12.09.18.jpeg\" data-src=\"https:\/\/eldiariodesanpedro.com.ar\/sitio\/wp-content\/uploads\/2021\/06\/WhatsApp-Image-2021-06-24-at-12.09.18.jpeg\" alt=\"\" class=\"wp-image-94688 lazyload\" data-srcset=\"https:\/\/eldiariodesanpedro.com.ar\/sitio\/wp-content\/uploads\/2021\/06\/WhatsApp-Image-2021-06-24-at-12.09.18.jpeg 960w, https:\/\/eldiariodesanpedro.com.ar\/sitio\/wp-content\/uploads\/2021\/06\/WhatsApp-Image-2021-06-24-at-12.09.18-300x219.jpeg 300w, https:\/\/eldiariodesanpedro.com.ar\/sitio\/wp-content\/uploads\/2021\/06\/WhatsApp-Image-2021-06-24-at-12.09.18-768x562.jpeg 768w\" data-sizes=\"(max-width: 960px) 100vw, 960px\" src=\"data:image\/svg+xml;base64,PHN2ZyB3aWR0aD0iMSIgaGVpZ2h0PSIxIiB4bWxucz0iaHR0cDovL3d3dy53My5vcmcvMjAwMC9zdmciPjwvc3ZnPg==\" style=\"--smush-placeholder-width: 960px; --smush-placeholder-aspect-ratio: 960\/702;\" \/><\/figure>\n","protected":false},"excerpt":{"rendered":"<p>En la ma\u00f1ana de hoy se llev\u00f3 a cabo un encuentro virtual, en el marco del programa pueblos tur\u00edsticos, entre el Ministerio de Trabajo y el Ministerio de Turismo para desarrollar la Ley provincial de Actividades Laborales de Autoempleo y Subsistencia (ALAS) N\u00ba 13.136. Participaron de la misma la Directora provincial de pueblos tur\u00edsticos Ana [&hellip;]<\/p>\n","protected":false},"author":4,"featured_media":94687,"comment_status":"open","ping_status":"closed","sticky":false,"template":"","format":"standard","meta":{"om_disable_all_campaigns":false,"_jetpack_memberships_contains_paid_content":false,"footnotes":""},"categories":[101,2],"tags":[],"class_list":["post-94686","post","type-post","status-publish","format-standard","has-post-thumbnail","hentry","category-interes-general-locales","category-locales"],"aioseo_notices":[],"gutentor_comment":0,"jetpack_featured_media_url":"https:\/\/eldiariodesanpedro.com.ar\/sitio\/wp-content\/uploads\/2021\/06\/WhatsApp-Image-2021-06-24-at-12.09.19.jpeg","jetpack_shortlink":"https:\/\/wp.me\/p6RhLt-oDc","jetpack_sharing_enabled":true,"_links":{"self":[{"href":"https:\/\/eldiariodesanpedro.com.ar\/sitio\/wp-json\/wp\/v2\/posts\/94686","targetHints":{"allow":["GET"]}}],"collection":[{"href":"https:\/\/eldiariodesanpedro.com.ar\/sitio\/wp-json\/wp\/v2\/posts"}],"about":[{"href":"https:\/\/eldiariodesanpedro.com.ar\/sitio\/wp-json\/wp\/v2\/types\/post"}],"author":[{"embeddable":true,"href":"https:\/\/eldiariodesanpedro.com.ar\/sitio\/wp-json\/wp\/v2\/users\/4"}],"replies":[{"embeddable":true,"href":"https:\/\/eldiariodesanpedro.com.ar\/sitio\/wp-json\/wp\/v2\/comments?post=94686"}],"version-history":[{"count":1,"href":"https:\/\/eldiariodesanpedro.com.ar\/sitio\/wp-json\/wp\/v2\/posts\/94686\/revisions"}],"predecessor-version":[{"id":94689,"href":"https:\/\/eldiariodesanpedro.com.ar\/sitio\/wp-json\/wp\/v2\/posts\/94686\/revisions\/94689"}],"wp:featuredmedia":[{"embeddable":true,"href":"https:\/\/eldiariodesanpedro.com.ar\/sitio\/wp-json\/wp\/v2\/media\/94687"}],"wp:attachment":[{"href":"https:\/\/eldiariodesanpedro.com.ar\/sitio\/wp-json\/wp\/v2\/media?parent=94686"}],"wp:term":[{"taxonomy":"category","embeddable":true,"href":"https:\/\/eldiariodesanpedro.com.ar\/sitio\/wp-json\/wp\/v2\/categories?post=94686"},{"taxonomy":"post_tag","embeddable":true,"href":"https:\/\/eldiariodesanpedro.com.ar\/sitio\/wp-json\/wp\/v2\/tags?post=94686"}],"curies":[{"name":"wp","href":"https:\/\/api.w.org\/{rel}","templated":true}]}}