{"id":94683,"date":"2021-06-24T13:07:24","date_gmt":"2021-06-24T16:07:24","guid":{"rendered":"https:\/\/eldiariodesanpedro.com.ar\/sitio\/?p=94683"},"modified":"2021-06-24T13:07:28","modified_gmt":"2021-06-24T16:07:28","slug":"vecino-que-se-engancho-al-videocable-trato-de-agredir-a-empleados-de-la-empresa","status":"publish","type":"post","link":"https:\/\/eldiariodesanpedro.com.ar\/sitio\/vecino-que-se-engancho-al-videocable-trato-de-agredir-a-empleados-de-la-empresa\/","title":{"rendered":"Vecino que se engancho al videocable trato de agredir a empleados de la empresa"},"content":{"rendered":"<!-- VideographyWP Plugin Message: Automatic video embedding prevented by plugin options. -->\n\n<p>El mediod\u00eda de hoy jueves un m\u00f3vil de la polic\u00eda de nuestra ciudad se tuvo que hacer presente en una vivienda de calle la Laguna al 1000 donde un ciudadano violent\u00f3 trato de agredir a operarios de una empresa de cable.<\/p>\n\n\n\n<p>Seg\u00fan explicaron los operarios de la empresa Cablevisi\u00f3n el propietario de la vivienda se conecta ilegalmente a la conexi\u00f3n de videocable en reiteradas ocasiones y afecta a los dem\u00e1s usuarios de toda la zona, por lo que existen varias denuncias de vecinos, a llegada de los t\u00e9cnicos el sujeto sale de la vivienda con un cuchillo y un fierro con el que golpeas las camioneta de la empresa.<\/p>\n\n\n\n<p>Por la actitud de la persona que se encontraba en falta y ante el riesgo de los empleados ser lastimados, se hace presente un m\u00f3vil policial para poder mediar.<\/p>\n","protected":false},"excerpt":{"rendered":"<p>El mediod\u00eda de hoy jueves un m\u00f3vil de la polic\u00eda de nuestra ciudad se tuvo que hacer presente en una vivienda de calle la Laguna al 1000 donde un ciudadano violent\u00f3 trato de agredir a operarios de una empresa de cable. Seg\u00fan explicaron los operarios de la empresa Cablevisi\u00f3n el propietario de la vivienda se [&hellip;]<\/p>\n","protected":false},"author":4,"featured_media":94684,"comment_status":"open","ping_status":"closed","sticky":false,"template":"","format":"standard","meta":{"om_disable_all_campaigns":false,"_jetpack_memberships_contains_paid_content":false,"footnotes":""},"categories":[2,103],"tags":[],"class_list":["post-94683","post","type-post","status-publish","format-standard","has-post-thumbnail","hentry","category-locales","category-policiales-locales"],"aioseo_notices":[],"gutentor_comment":0,"jetpack_featured_media_url":"https:\/\/eldiariodesanpedro.com.ar\/sitio\/wp-content\/uploads\/2021\/06\/WhatsApp-Image-2021-06-24-at-12.53.56.jpeg","jetpack_shortlink":"https:\/\/wp.me\/p6RhLt-oD9","jetpack_sharing_enabled":true,"_links":{"self":[{"href":"https:\/\/eldiariodesanpedro.com.ar\/sitio\/wp-json\/wp\/v2\/posts\/94683","targetHints":{"allow":["GET"]}}],"collection":[{"href":"https:\/\/eldiariodesanpedro.com.ar\/sitio\/wp-json\/wp\/v2\/posts"}],"about":[{"href":"https:\/\/eldiariodesanpedro.com.ar\/sitio\/wp-json\/wp\/v2\/types\/post"}],"author":[{"embeddable":true,"href":"https:\/\/eldiariodesanpedro.com.ar\/sitio\/wp-json\/wp\/v2\/users\/4"}],"replies":[{"embeddable":true,"href":"https:\/\/eldiariodesanpedro.com.ar\/sitio\/wp-json\/wp\/v2\/comments?post=94683"}],"version-history":[{"count":1,"href":"https:\/\/eldiariodesanpedro.com.ar\/sitio\/wp-json\/wp\/v2\/posts\/94683\/revisions"}],"predecessor-version":[{"id":94685,"href":"https:\/\/eldiariodesanpedro.com.ar\/sitio\/wp-json\/wp\/v2\/posts\/94683\/revisions\/94685"}],"wp:featuredmedia":[{"embeddable":true,"href":"https:\/\/eldiariodesanpedro.com.ar\/sitio\/wp-json\/wp\/v2\/media\/94684"}],"wp:attachment":[{"href":"https:\/\/eldiariodesanpedro.com.ar\/sitio\/wp-json\/wp\/v2\/media?parent=94683"}],"wp:term":[{"taxonomy":"category","embeddable":true,"href":"https:\/\/eldiariodesanpedro.com.ar\/sitio\/wp-json\/wp\/v2\/categories?post=94683"},{"taxonomy":"post_tag","embeddable":true,"href":"https:\/\/eldiariodesanpedro.com.ar\/sitio\/wp-json\/wp\/v2\/tags?post=94683"}],"curies":[{"name":"wp","href":"https:\/\/api.w.org\/{rel}","templated":true}]}}