{"id":94674,"date":"2021-06-24T11:22:41","date_gmt":"2021-06-24T14:22:41","guid":{"rendered":"https:\/\/eldiariodesanpedro.com.ar\/sitio\/?p=94674"},"modified":"2021-06-24T11:22:47","modified_gmt":"2021-06-24T14:22:47","slug":"solicito-un-remis-y-discutio-con-el-chofer-recibiendo-amenazas-graves","status":"publish","type":"post","link":"https:\/\/eldiariodesanpedro.com.ar\/sitio\/solicito-un-remis-y-discutio-con-el-chofer-recibiendo-amenazas-graves\/","title":{"rendered":"Solicito un remis y discuti\u00f3 con el chofer recibiendo amenazas graves"},"content":{"rendered":"<!-- VideographyWP Plugin Message: Automatic video embedding prevented by plugin options. -->\n\n<p>Ayer un ciudadano de nuestra ciudad realiz\u00f3 una denuncia por recibir amenazas por parte de un remisero.<\/p>\n\n\n\n<p>EL hecho tuvo lugar alrededor de las 16 hs cuando el denunciante solicita un remis a trav\u00e9s de mensaje de whatsapp y una vez finalizado el viaje al llegar al destino comienza una discusi\u00f3n con el chofer que termina con amenazas verbales.<\/p>\n\n\n\n<p>Luego el denunciante manifiesta que recibi\u00f3 varias amenazas por parte del chofer a trav\u00e9s del servicio de mensajer\u00eda celular.<\/p>\n\n\n\n<p>Tras ser consultado desconoce datos sobre el conductor del autom\u00f3vil, as\u00ed como de la remiser\u00eda donde solicit\u00f3 el viaje.<\/p>\n","protected":false},"excerpt":{"rendered":"<p>Ayer un ciudadano de nuestra ciudad realiz\u00f3 una denuncia por recibir amenazas por parte de un remisero. EL hecho tuvo lugar alrededor de las 16 hs cuando el denunciante solicita un remis a trav\u00e9s de mensaje de whatsapp y una vez finalizado el viaje al llegar al destino comienza una discusi\u00f3n con el chofer que [&hellip;]<\/p>\n","protected":false},"author":4,"featured_media":78843,"comment_status":"open","ping_status":"closed","sticky":false,"template":"","format":"standard","meta":{"om_disable_all_campaigns":false,"_jetpack_memberships_contains_paid_content":false,"footnotes":""},"categories":[2,103],"tags":[],"class_list":["post-94674","post","type-post","status-publish","format-standard","has-post-thumbnail","hentry","category-locales","category-policiales-locales"],"aioseo_notices":[],"gutentor_comment":0,"jetpack_featured_media_url":"https:\/\/eldiariodesanpedro.com.ar\/sitio\/wp-content\/uploads\/2020\/08\/0.jpg","jetpack_shortlink":"https:\/\/wp.me\/p6RhLt-oD0","jetpack_sharing_enabled":true,"_links":{"self":[{"href":"https:\/\/eldiariodesanpedro.com.ar\/sitio\/wp-json\/wp\/v2\/posts\/94674","targetHints":{"allow":["GET"]}}],"collection":[{"href":"https:\/\/eldiariodesanpedro.com.ar\/sitio\/wp-json\/wp\/v2\/posts"}],"about":[{"href":"https:\/\/eldiariodesanpedro.com.ar\/sitio\/wp-json\/wp\/v2\/types\/post"}],"author":[{"embeddable":true,"href":"https:\/\/eldiariodesanpedro.com.ar\/sitio\/wp-json\/wp\/v2\/users\/4"}],"replies":[{"embeddable":true,"href":"https:\/\/eldiariodesanpedro.com.ar\/sitio\/wp-json\/wp\/v2\/comments?post=94674"}],"version-history":[{"count":1,"href":"https:\/\/eldiariodesanpedro.com.ar\/sitio\/wp-json\/wp\/v2\/posts\/94674\/revisions"}],"predecessor-version":[{"id":94675,"href":"https:\/\/eldiariodesanpedro.com.ar\/sitio\/wp-json\/wp\/v2\/posts\/94674\/revisions\/94675"}],"wp:featuredmedia":[{"embeddable":true,"href":"https:\/\/eldiariodesanpedro.com.ar\/sitio\/wp-json\/wp\/v2\/media\/78843"}],"wp:attachment":[{"href":"https:\/\/eldiariodesanpedro.com.ar\/sitio\/wp-json\/wp\/v2\/media?parent=94674"}],"wp:term":[{"taxonomy":"category","embeddable":true,"href":"https:\/\/eldiariodesanpedro.com.ar\/sitio\/wp-json\/wp\/v2\/categories?post=94674"},{"taxonomy":"post_tag","embeddable":true,"href":"https:\/\/eldiariodesanpedro.com.ar\/sitio\/wp-json\/wp\/v2\/tags?post=94674"}],"curies":[{"name":"wp","href":"https:\/\/api.w.org\/{rel}","templated":true}]}}