{"id":94671,"date":"2021-06-24T11:06:45","date_gmt":"2021-06-24T14:06:45","guid":{"rendered":"https:\/\/eldiariodesanpedro.com.ar\/sitio\/?p=94671"},"modified":"2021-06-24T11:06:51","modified_gmt":"2021-06-24T14:06:51","slug":"fue-a-renovar-su-licencia-de-conducir-y-descubrio-que-tiene-una-fotomulta-de-otro-auto","status":"publish","type":"post","link":"https:\/\/eldiariodesanpedro.com.ar\/sitio\/fue-a-renovar-su-licencia-de-conducir-y-descubrio-que-tiene-una-fotomulta-de-otro-auto\/","title":{"rendered":"Fue a renovar su licencia de conducir y descubri\u00f3 que tiene una fotomulta de otro auto"},"content":{"rendered":"<!-- VideographyWP Plugin Message: Automatic video embedding prevented by plugin options. -->\n\n<p>En la jornada de ayer denunci\u00f3 una mujer de 59 a\u00f1os de edad que promediando las diez horas, momento en el cual se hace presente en la sede de inspecci\u00f3n de tr\u00e1nsito municipal con la finalidad de renovar la licencia de conducir, da cuenta mediante fotomulta, que un autom\u00f3vil llevaba misma chapa patente que el suyo, el cual tendr\u00eda una multa hecha en Ruta 8 km 154,5 de la ciudad de Capit\u00e1n Sarmiento con fecha de 05 de septiembre de 2015, lugar el cual la denunciante refiere no haber ido jam\u00e1s.<\/p>\n\n\n\n<p>Investiga fiscal\u00eda 5, San Pedro.-<\/p>\n","protected":false},"excerpt":{"rendered":"<p>En la jornada de ayer denunci\u00f3 una mujer de 59 a\u00f1os de edad que promediando las diez horas, momento en el cual se hace presente en la sede de inspecci\u00f3n de tr\u00e1nsito municipal con la finalidad de renovar la licencia de conducir, da cuenta mediante fotomulta, que un autom\u00f3vil llevaba misma chapa patente que el [&hellip;]<\/p>\n","protected":false},"author":4,"featured_media":94672,"comment_status":"open","ping_status":"closed","sticky":false,"template":"","format":"standard","meta":{"om_disable_all_campaigns":false,"_jetpack_memberships_contains_paid_content":false,"footnotes":""},"categories":[2,103],"tags":[],"class_list":["post-94671","post","type-post","status-publish","format-standard","has-post-thumbnail","hentry","category-locales","category-policiales-locales"],"aioseo_notices":[],"gutentor_comment":0,"jetpack_featured_media_url":"https:\/\/eldiariodesanpedro.com.ar\/sitio\/wp-content\/uploads\/2021\/06\/Radares-01.jpg","jetpack_shortlink":"https:\/\/wp.me\/p6RhLt-oCX","jetpack_sharing_enabled":true,"_links":{"self":[{"href":"https:\/\/eldiariodesanpedro.com.ar\/sitio\/wp-json\/wp\/v2\/posts\/94671","targetHints":{"allow":["GET"]}}],"collection":[{"href":"https:\/\/eldiariodesanpedro.com.ar\/sitio\/wp-json\/wp\/v2\/posts"}],"about":[{"href":"https:\/\/eldiariodesanpedro.com.ar\/sitio\/wp-json\/wp\/v2\/types\/post"}],"author":[{"embeddable":true,"href":"https:\/\/eldiariodesanpedro.com.ar\/sitio\/wp-json\/wp\/v2\/users\/4"}],"replies":[{"embeddable":true,"href":"https:\/\/eldiariodesanpedro.com.ar\/sitio\/wp-json\/wp\/v2\/comments?post=94671"}],"version-history":[{"count":1,"href":"https:\/\/eldiariodesanpedro.com.ar\/sitio\/wp-json\/wp\/v2\/posts\/94671\/revisions"}],"predecessor-version":[{"id":94673,"href":"https:\/\/eldiariodesanpedro.com.ar\/sitio\/wp-json\/wp\/v2\/posts\/94671\/revisions\/94673"}],"wp:featuredmedia":[{"embeddable":true,"href":"https:\/\/eldiariodesanpedro.com.ar\/sitio\/wp-json\/wp\/v2\/media\/94672"}],"wp:attachment":[{"href":"https:\/\/eldiariodesanpedro.com.ar\/sitio\/wp-json\/wp\/v2\/media?parent=94671"}],"wp:term":[{"taxonomy":"category","embeddable":true,"href":"https:\/\/eldiariodesanpedro.com.ar\/sitio\/wp-json\/wp\/v2\/categories?post=94671"},{"taxonomy":"post_tag","embeddable":true,"href":"https:\/\/eldiariodesanpedro.com.ar\/sitio\/wp-json\/wp\/v2\/tags?post=94671"}],"curies":[{"name":"wp","href":"https:\/\/api.w.org\/{rel}","templated":true}]}}