{"id":94669,"date":"2021-06-24T11:01:42","date_gmt":"2021-06-24T14:01:42","guid":{"rendered":"https:\/\/eldiariodesanpedro.com.ar\/sitio\/?p=94669"},"modified":"2021-06-24T11:01:49","modified_gmt":"2021-06-24T14:01:49","slug":"por-una-mala-maniobra-un-motociclista-le-rompe-un-espejo-retrovisor-a-un-camion","status":"publish","type":"post","link":"https:\/\/eldiariodesanpedro.com.ar\/sitio\/por-una-mala-maniobra-un-motociclista-le-rompe-un-espejo-retrovisor-a-un-camion\/","title":{"rendered":"Por una mala maniobra un motociclista le rompe un espejo retrovisor a un cami\u00f3n"},"content":{"rendered":"<!-- VideographyWP Plugin Message: Automatic video embedding prevented by plugin options. -->\n\n<p>Este mi\u00e9rcoles denunci\u00f3 un masculino de 26 a\u00f1os de edad en la comisar\u00eda local, que promediando las 12 hs, momento en el cual se encontraba realizando reparto de mercader\u00edas en un comercio ubicado en calle Bottaro al 1900, un masculino a bordo de una motocicleta provoca da\u00f1o en el espejo retrovisor de un cami\u00f3n el cual conduc\u00eda, tras ser consultado manifiesta habr\u00eda tenido inconveniente con \u00e9ste masculino momentos previos por malentendido por una mala maniobra por parte del denunciante.&nbsp;<\/p>\n\n\n\n<p>Interviene fiscal\u00eda en turno.-<\/p>\n","protected":false},"excerpt":{"rendered":"<p>Este mi\u00e9rcoles denunci\u00f3 un masculino de 26 a\u00f1os de edad en la comisar\u00eda local, que promediando las 12 hs, momento en el cual se encontraba realizando reparto de mercader\u00edas en un comercio ubicado en calle Bottaro al 1900, un masculino a bordo de una motocicleta provoca da\u00f1o en el espejo retrovisor de un cami\u00f3n el [&hellip;]<\/p>\n","protected":false},"author":4,"featured_media":45394,"comment_status":"open","ping_status":"closed","sticky":false,"template":"","format":"standard","meta":{"om_disable_all_campaigns":false,"_jetpack_memberships_contains_paid_content":false,"footnotes":""},"categories":[2,103],"tags":[],"class_list":["post-94669","post","type-post","status-publish","format-standard","has-post-thumbnail","hentry","category-locales","category-policiales-locales"],"aioseo_notices":[],"gutentor_comment":0,"jetpack_featured_media_url":"https:\/\/eldiariodesanpedro.com.ar\/sitio\/wp-content\/uploads\/2019\/01\/comisaria.jpg","jetpack_shortlink":"https:\/\/wp.me\/p6RhLt-oCV","jetpack_sharing_enabled":true,"_links":{"self":[{"href":"https:\/\/eldiariodesanpedro.com.ar\/sitio\/wp-json\/wp\/v2\/posts\/94669","targetHints":{"allow":["GET"]}}],"collection":[{"href":"https:\/\/eldiariodesanpedro.com.ar\/sitio\/wp-json\/wp\/v2\/posts"}],"about":[{"href":"https:\/\/eldiariodesanpedro.com.ar\/sitio\/wp-json\/wp\/v2\/types\/post"}],"author":[{"embeddable":true,"href":"https:\/\/eldiariodesanpedro.com.ar\/sitio\/wp-json\/wp\/v2\/users\/4"}],"replies":[{"embeddable":true,"href":"https:\/\/eldiariodesanpedro.com.ar\/sitio\/wp-json\/wp\/v2\/comments?post=94669"}],"version-history":[{"count":1,"href":"https:\/\/eldiariodesanpedro.com.ar\/sitio\/wp-json\/wp\/v2\/posts\/94669\/revisions"}],"predecessor-version":[{"id":94670,"href":"https:\/\/eldiariodesanpedro.com.ar\/sitio\/wp-json\/wp\/v2\/posts\/94669\/revisions\/94670"}],"wp:featuredmedia":[{"embeddable":true,"href":"https:\/\/eldiariodesanpedro.com.ar\/sitio\/wp-json\/wp\/v2\/media\/45394"}],"wp:attachment":[{"href":"https:\/\/eldiariodesanpedro.com.ar\/sitio\/wp-json\/wp\/v2\/media?parent=94669"}],"wp:term":[{"taxonomy":"category","embeddable":true,"href":"https:\/\/eldiariodesanpedro.com.ar\/sitio\/wp-json\/wp\/v2\/categories?post=94669"},{"taxonomy":"post_tag","embeddable":true,"href":"https:\/\/eldiariodesanpedro.com.ar\/sitio\/wp-json\/wp\/v2\/tags?post=94669"}],"curies":[{"name":"wp","href":"https:\/\/api.w.org\/{rel}","templated":true}]}}