{"id":94666,"date":"2021-06-24T10:45:54","date_gmt":"2021-06-24T13:45:54","guid":{"rendered":"https:\/\/eldiariodesanpedro.com.ar\/sitio\/?p=94666"},"modified":"2021-06-24T10:45:59","modified_gmt":"2021-06-24T13:45:59","slug":"se-secuestro-una-moto-robada-en-2018","status":"publish","type":"post","link":"https:\/\/eldiariodesanpedro.com.ar\/sitio\/se-secuestro-una-moto-robada-en-2018\/","title":{"rendered":"Se secuestro una moto robada en 2018"},"content":{"rendered":"<!-- VideographyWP Plugin Message: Automatic video embedding prevented by plugin options. -->\n\n<p>El d\u00eda de ayer mi\u00e9rcoles alrededor de las 18:00 horas, el personal policial de la comisar\u00eda local se hace presente en calle Las Provincias al\u00a01500, donde se procede la aprehensi\u00f3n de masculino de 33 a\u00f1os de edad y al secuestro de una motocicleta 110 cc la cual posee pedido de secuestro activo a\u00f1o 2018, por hecho caratulado hurto a requerimiento de la fiscal\u00eda.<\/p>\n","protected":false},"excerpt":{"rendered":"<p>El d\u00eda de ayer mi\u00e9rcoles alrededor de las 18:00 horas, el personal policial de la comisar\u00eda local se hace presente en calle Las Provincias al\u00a01500, donde se procede la aprehensi\u00f3n de masculino de 33 a\u00f1os de edad y al secuestro de una motocicleta 110 cc la cual posee pedido de secuestro activo a\u00f1o 2018, por [&hellip;]<\/p>\n","protected":false},"author":4,"featured_media":94667,"comment_status":"open","ping_status":"closed","sticky":false,"template":"","format":"standard","meta":{"om_disable_all_campaigns":false,"_jetpack_memberships_contains_paid_content":false,"footnotes":""},"categories":[2,103],"tags":[],"class_list":["post-94666","post","type-post","status-publish","format-standard","has-post-thumbnail","hentry","category-locales","category-policiales-locales"],"aioseo_notices":[],"gutentor_comment":0,"jetpack_featured_media_url":"https:\/\/eldiariodesanpedro.com.ar\/sitio\/wp-content\/uploads\/2021\/06\/WhatsApp-Image-2021-06-24-at-10.13.04.jpeg","jetpack_shortlink":"https:\/\/wp.me\/p6RhLt-oCS","jetpack_sharing_enabled":true,"_links":{"self":[{"href":"https:\/\/eldiariodesanpedro.com.ar\/sitio\/wp-json\/wp\/v2\/posts\/94666","targetHints":{"allow":["GET"]}}],"collection":[{"href":"https:\/\/eldiariodesanpedro.com.ar\/sitio\/wp-json\/wp\/v2\/posts"}],"about":[{"href":"https:\/\/eldiariodesanpedro.com.ar\/sitio\/wp-json\/wp\/v2\/types\/post"}],"author":[{"embeddable":true,"href":"https:\/\/eldiariodesanpedro.com.ar\/sitio\/wp-json\/wp\/v2\/users\/4"}],"replies":[{"embeddable":true,"href":"https:\/\/eldiariodesanpedro.com.ar\/sitio\/wp-json\/wp\/v2\/comments?post=94666"}],"version-history":[{"count":1,"href":"https:\/\/eldiariodesanpedro.com.ar\/sitio\/wp-json\/wp\/v2\/posts\/94666\/revisions"}],"predecessor-version":[{"id":94668,"href":"https:\/\/eldiariodesanpedro.com.ar\/sitio\/wp-json\/wp\/v2\/posts\/94666\/revisions\/94668"}],"wp:featuredmedia":[{"embeddable":true,"href":"https:\/\/eldiariodesanpedro.com.ar\/sitio\/wp-json\/wp\/v2\/media\/94667"}],"wp:attachment":[{"href":"https:\/\/eldiariodesanpedro.com.ar\/sitio\/wp-json\/wp\/v2\/media?parent=94666"}],"wp:term":[{"taxonomy":"category","embeddable":true,"href":"https:\/\/eldiariodesanpedro.com.ar\/sitio\/wp-json\/wp\/v2\/categories?post=94666"},{"taxonomy":"post_tag","embeddable":true,"href":"https:\/\/eldiariodesanpedro.com.ar\/sitio\/wp-json\/wp\/v2\/tags?post=94666"}],"curies":[{"name":"wp","href":"https:\/\/api.w.org\/{rel}","templated":true}]}}