{"id":94655,"date":"2021-06-24T10:19:14","date_gmt":"2021-06-24T13:19:14","guid":{"rendered":"https:\/\/eldiariodesanpedro.com.ar\/sitio\/?p=94655"},"modified":"2021-06-24T10:19:19","modified_gmt":"2021-06-24T13:19:19","slug":"la-comision-directiva-del-centro-de-comercio-recibio-a-un-grupo-de-comerciantes","status":"publish","type":"post","link":"https:\/\/eldiariodesanpedro.com.ar\/sitio\/la-comision-directiva-del-centro-de-comercio-recibio-a-un-grupo-de-comerciantes\/","title":{"rendered":"La Comisi\u00f3n Directiva del Centro de Comercio recibi\u00f3 a un grupo de comerciantes"},"content":{"rendered":"<!-- VideographyWP Plugin Message: Automatic video embedding prevented by plugin options. -->\n\n<p>La Comisi\u00f3n Directiva del Centro de Comercio Industria y Turismo encabezada por su presidente Ra\u00fal Cheyllada, recibi\u00f3 hoy en el Sal\u00f3n de los Espejos de la entidad a un grupo de comerciantes, que fueron invitados a plantear una serie de inquietudes que se han ido expresando por diferentes canales durante las \u00faltimas semanas.<\/p>\n\n\n\n<p>La charla, posterior a una reuni\u00f3n virtual a la que tambi\u00e9n fueron invitados desde la entidad, sirvi\u00f3 para comenzar a compartir sus ideas dentro del seno de la instituci\u00f3n.<\/p>\n\n\n\n<p>A partir de este encuentro la Comisi\u00f3n Directiva evaluar\u00e1 alternativas para sumar m\u00e1s capacidades a la Entidad a partir de la posibilidad de que diversos rubros de la econom\u00eda local que con su participaci\u00f3n puedan ampliar y fortalecer a la instituci\u00f3n.<\/p>\n\n\n\n<p>Asimismo, c\u00f3mo ha sido muchas veces dispuesto desde el CCIT, invitamos a sumarse como socios a todos aquellos comercios, industrias y prestadores del sector turismo para contribuir y ayudar a lograr un mejor fortalecimiento de los sectores en momentos donde la participaci\u00f3n es de mucho valor.<\/p>\n","protected":false},"excerpt":{"rendered":"<p>La Comisi\u00f3n Directiva del Centro de Comercio Industria y Turismo encabezada por su presidente Ra\u00fal Cheyllada, recibi\u00f3 hoy en el Sal\u00f3n de los Espejos de la entidad a un grupo de comerciantes, que fueron invitados a plantear una serie de inquietudes que se han ido expresando por diferentes canales durante las \u00faltimas semanas. La charla, [&hellip;]<\/p>\n","protected":false},"author":4,"featured_media":94656,"comment_status":"open","ping_status":"closed","sticky":false,"template":"","format":"standard","meta":{"om_disable_all_campaigns":false,"_jetpack_memberships_contains_paid_content":false,"footnotes":""},"categories":[50,101,2],"tags":[],"class_list":["post-94655","post","type-post","status-publish","format-standard","has-post-thumbnail","hentry","category-destacadas","category-interes-general-locales","category-locales"],"aioseo_notices":[],"gutentor_comment":0,"jetpack_featured_media_url":"https:\/\/eldiariodesanpedro.com.ar\/sitio\/wp-content\/uploads\/2021\/06\/4-9.jpg","jetpack_shortlink":"https:\/\/wp.me\/p6RhLt-oCH","jetpack_sharing_enabled":true,"_links":{"self":[{"href":"https:\/\/eldiariodesanpedro.com.ar\/sitio\/wp-json\/wp\/v2\/posts\/94655","targetHints":{"allow":["GET"]}}],"collection":[{"href":"https:\/\/eldiariodesanpedro.com.ar\/sitio\/wp-json\/wp\/v2\/posts"}],"about":[{"href":"https:\/\/eldiariodesanpedro.com.ar\/sitio\/wp-json\/wp\/v2\/types\/post"}],"author":[{"embeddable":true,"href":"https:\/\/eldiariodesanpedro.com.ar\/sitio\/wp-json\/wp\/v2\/users\/4"}],"replies":[{"embeddable":true,"href":"https:\/\/eldiariodesanpedro.com.ar\/sitio\/wp-json\/wp\/v2\/comments?post=94655"}],"version-history":[{"count":1,"href":"https:\/\/eldiariodesanpedro.com.ar\/sitio\/wp-json\/wp\/v2\/posts\/94655\/revisions"}],"predecessor-version":[{"id":94658,"href":"https:\/\/eldiariodesanpedro.com.ar\/sitio\/wp-json\/wp\/v2\/posts\/94655\/revisions\/94658"}],"wp:featuredmedia":[{"embeddable":true,"href":"https:\/\/eldiariodesanpedro.com.ar\/sitio\/wp-json\/wp\/v2\/media\/94656"}],"wp:attachment":[{"href":"https:\/\/eldiariodesanpedro.com.ar\/sitio\/wp-json\/wp\/v2\/media?parent=94655"}],"wp:term":[{"taxonomy":"category","embeddable":true,"href":"https:\/\/eldiariodesanpedro.com.ar\/sitio\/wp-json\/wp\/v2\/categories?post=94655"},{"taxonomy":"post_tag","embeddable":true,"href":"https:\/\/eldiariodesanpedro.com.ar\/sitio\/wp-json\/wp\/v2\/tags?post=94655"}],"curies":[{"name":"wp","href":"https:\/\/api.w.org\/{rel}","templated":true}]}}