{"id":94652,"date":"2021-06-24T10:11:20","date_gmt":"2021-06-24T13:11:20","guid":{"rendered":"https:\/\/eldiariodesanpedro.com.ar\/sitio\/?p=94652"},"modified":"2021-06-24T10:11:26","modified_gmt":"2021-06-24T13:11:26","slug":"cronograma-de-anses-para-hoy-jueves-9","status":"publish","type":"post","link":"https:\/\/eldiariodesanpedro.com.ar\/sitio\/cronograma-de-anses-para-hoy-jueves-9\/","title":{"rendered":"Cronograma de Anses para hoy jueves"},"content":{"rendered":"<!-- VideographyWP Plugin Message: Automatic video embedding prevented by plugin options. -->\n\n<p>El organismo, a cargo de la Lic. Fernanda Raverta, informa que hoy se abonan jubilaciones, pensiones, Asignaci\u00f3n por Embarazo, Prestaci\u00f3n por Desempleo y el programa Alimentar. Cabe destacar que este mes se efectiviza&nbsp;<strong>el pago del medio aguinaldo<\/strong>&nbsp;junto al aumento del 12,12 por ciento por la Ley de Movilidad para&nbsp;Pensiones No Contributivas (PNC), jubilaciones y pensiones.<\/p>\n\n\n\n<p><strong>Jubilaciones\u00a0y\u00a0pensiones\u00a0con el medio aguinaldo<\/strong><br>Las sucursales bancarias habilitadas atender\u00e1n por ventanilla a jubilados, jubiladas, pensionados y pensionadas que tengan haberes entre\u00a0<strong>25.923 pesos<\/strong>\u00a0y<strong>\u00a0155.203 pesos\u00a0<\/strong>y susdocumentos terminen en\u00a0<strong>2\u00a0<\/strong>y<strong>\u00a03<\/strong>.<br>Este mes,\u00a0titulares que perciban el haber m\u00e1ximo cobran un total de\u00a0<strong>232.804<\/strong>\u00a0<strong>pesos<\/strong>. Este importe equivale a la jubilaci\u00f3n m\u00e1xima, que es de\u00a0<strong>155.203\u00a0pesos<\/strong>\u00a0debido al incremento por movilidad, m\u00e1s el medio aguinaldo de\u00a0<strong>77.601<\/strong>\u00a0<strong>pesos<\/strong>.<\/p>\n\n\n\n<p><strong>Asignaci\u00f3n por Embarazo<\/strong><br>Con la utilizaci\u00f3n de la tarjeta de d\u00e9bito,\u00a0hoy\u00a0cobran la Asignaci\u00f3n por Embarazo las titulares con documentos concluidos en\u00a0<strong>9<\/strong>.<\/p>\n\n\n\n<p><strong>Prestaci\u00f3n por Desempleo<\/strong><br>Hoy perciben la Prestaci\u00f3n por Desempleo las personas cuyos documentos finalicen en\u00a0<strong>2\u00a0<\/strong>y<strong>\u00a03<\/strong>.<\/p>\n\n\n\n<p><strong>Programa Alimentar<\/strong><br>En el marco del Plan Argentina contra el Hambre del Ministerio de Desarrollo Social, la ANSES acompa\u00f1a con el pago del programa Alimentar. Hoy reciben el beneficio titulares de la AUH quienes no tienen la tarjeta pl\u00e1stica y cobran el dinero en la misma cuenta de la prestaci\u00f3n. Destinado a titulares con hijos e hijas de 0 a 14 a\u00f1os inclusive con documentos terminados en\u00a0<strong>4<\/strong>\u00a0y\u00a0<strong>5<\/strong>.<\/p>\n","protected":false},"excerpt":{"rendered":"<p>El organismo, a cargo de la Lic. Fernanda Raverta, informa que hoy se abonan jubilaciones, pensiones, Asignaci\u00f3n por Embarazo, Prestaci\u00f3n por Desempleo y el programa Alimentar. Cabe destacar que este mes se efectiviza&nbsp;el pago del medio aguinaldo&nbsp;junto al aumento del 12,12 por ciento por la Ley de Movilidad para&nbsp;Pensiones No Contributivas (PNC), jubilaciones y pensiones. [&hellip;]<\/p>\n","protected":false},"author":4,"featured_media":81057,"comment_status":"open","ping_status":"closed","sticky":false,"template":"","format":"standard","meta":{"om_disable_all_campaigns":false,"_jetpack_memberships_contains_paid_content":false,"footnotes":""},"categories":[101,2],"tags":[],"class_list":["post-94652","post","type-post","status-publish","format-standard","has-post-thumbnail","hentry","category-interes-general-locales","category-locales"],"aioseo_notices":[],"gutentor_comment":0,"jetpack_featured_media_url":"https:\/\/eldiariodesanpedro.com.ar\/sitio\/wp-content\/uploads\/2020\/09\/15929411259273.jpg","jetpack_shortlink":"https:\/\/wp.me\/p6RhLt-oCE","jetpack_sharing_enabled":true,"_links":{"self":[{"href":"https:\/\/eldiariodesanpedro.com.ar\/sitio\/wp-json\/wp\/v2\/posts\/94652","targetHints":{"allow":["GET"]}}],"collection":[{"href":"https:\/\/eldiariodesanpedro.com.ar\/sitio\/wp-json\/wp\/v2\/posts"}],"about":[{"href":"https:\/\/eldiariodesanpedro.com.ar\/sitio\/wp-json\/wp\/v2\/types\/post"}],"author":[{"embeddable":true,"href":"https:\/\/eldiariodesanpedro.com.ar\/sitio\/wp-json\/wp\/v2\/users\/4"}],"replies":[{"embeddable":true,"href":"https:\/\/eldiariodesanpedro.com.ar\/sitio\/wp-json\/wp\/v2\/comments?post=94652"}],"version-history":[{"count":1,"href":"https:\/\/eldiariodesanpedro.com.ar\/sitio\/wp-json\/wp\/v2\/posts\/94652\/revisions"}],"predecessor-version":[{"id":94654,"href":"https:\/\/eldiariodesanpedro.com.ar\/sitio\/wp-json\/wp\/v2\/posts\/94652\/revisions\/94654"}],"wp:featuredmedia":[{"embeddable":true,"href":"https:\/\/eldiariodesanpedro.com.ar\/sitio\/wp-json\/wp\/v2\/media\/81057"}],"wp:attachment":[{"href":"https:\/\/eldiariodesanpedro.com.ar\/sitio\/wp-json\/wp\/v2\/media?parent=94652"}],"wp:term":[{"taxonomy":"category","embeddable":true,"href":"https:\/\/eldiariodesanpedro.com.ar\/sitio\/wp-json\/wp\/v2\/categories?post=94652"},{"taxonomy":"post_tag","embeddable":true,"href":"https:\/\/eldiariodesanpedro.com.ar\/sitio\/wp-json\/wp\/v2\/tags?post=94652"}],"curies":[{"name":"wp","href":"https:\/\/api.w.org\/{rel}","templated":true}]}}