{"id":94643,"date":"2021-06-23T20:29:18","date_gmt":"2021-06-23T23:29:18","guid":{"rendered":"https:\/\/eldiariodesanpedro.com.ar\/sitio\/?p=94643"},"modified":"2021-06-23T20:30:47","modified_gmt":"2021-06-23T23:30:47","slug":"la-secretaria-de-desarrollo-humano-visito-a-mas-de-100-familias-en-zona-de-islas","status":"publish","type":"post","link":"https:\/\/eldiariodesanpedro.com.ar\/sitio\/la-secretaria-de-desarrollo-humano-visito-a-mas-de-100-familias-en-zona-de-islas\/","title":{"rendered":"La Secretaria de Desarrollo Humano visit\u00f3 a m\u00e1s de 100 familias en zona de islas"},"content":{"rendered":"<!-- VideographyWP Plugin Message: Automatic video embedding prevented by plugin options. -->\n\n<p>Se concret\u00f3 hoy una nueva recorrida por la zona de islas coordinada desde la Subsecretar\u00eda de G\u00e9nero a cargo de Laura Monfasani, junto a la Secretar\u00eda de Desarrollo Humano, el Servicio de Violencia Familiar, la Comisar\u00eda de la Mujer, Cruz Roja y Prefectura.<\/p>\n\n\n\n<p>El objetivo fue visitar a unas 100 familias que residen en esa zona desprovista de muchos de los servicios habituales que se pueden garantizar en la ciudad y hacer un relevamiento de todas las situaciones que pudieran requerir asistencia. Adem\u00e1s se inscribi\u00f3 a los vecinos en el plan de vacunaci\u00f3n contra el Covid-19 para que puedan contar con turnos y recibir sus primeras dosis.<\/p>\n\n\n\n<p>El grupo cont\u00f3 con psic\u00f3logas, asistentes sociales, m\u00e9dicos y colaboradores, concretando la entrega de alimentos, medicamentos, aplicaci\u00f3n de vacunas antigripales, entrega de preservativos y un contacto directo con todos los vecinos a los que se les realiza un seguimiento peri\u00f3dico desde cada una de las \u00e1reas municipales relacionadas con el tema.<\/p>\n\n\n\n<figure class=\"wp-block-image size-large\"><img decoding=\"async\" width=\"590\" height=\"934\" data-attachment-id=\"94645\" data-permalink=\"https:\/\/eldiariodesanpedro.com.ar\/sitio\/la-secretaria-de-desarrollo-humano-visito-a-mas-de-100-familias-en-zona-de-islas\/whatsapp-image-2021-06-23-at-20-07-58\/\" data-orig-file=\"https:\/\/eldiariodesanpedro.com.ar\/sitio\/wp-content\/uploads\/2021\/06\/WhatsApp-Image-2021-06-23-at-20.07.58.jpeg\" data-orig-size=\"590,934\" data-comments-opened=\"1\" data-image-meta=\"{&quot;aperture&quot;:&quot;0&quot;,&quot;credit&quot;:&quot;&quot;,&quot;camera&quot;:&quot;&quot;,&quot;caption&quot;:&quot;&quot;,&quot;created_timestamp&quot;:&quot;0&quot;,&quot;copyright&quot;:&quot;&quot;,&quot;focal_length&quot;:&quot;0&quot;,&quot;iso&quot;:&quot;0&quot;,&quot;shutter_speed&quot;:&quot;0&quot;,&quot;title&quot;:&quot;&quot;,&quot;orientation&quot;:&quot;0&quot;}\" data-image-title=\"WhatsApp Image 2021-06-23 at 20.07.58\" data-image-description=\"\" data-image-caption=\"\" data-large-file=\"https:\/\/eldiariodesanpedro.com.ar\/sitio\/wp-content\/uploads\/2021\/06\/WhatsApp-Image-2021-06-23-at-20.07.58.jpeg\" data-src=\"https:\/\/eldiariodesanpedro.com.ar\/sitio\/wp-content\/uploads\/2021\/06\/WhatsApp-Image-2021-06-23-at-20.07.58.jpeg\" alt=\"\" class=\"wp-image-94645 lazyload\" data-srcset=\"https:\/\/eldiariodesanpedro.com.ar\/sitio\/wp-content\/uploads\/2021\/06\/WhatsApp-Image-2021-06-23-at-20.07.58.jpeg 590w, https:\/\/eldiariodesanpedro.com.ar\/sitio\/wp-content\/uploads\/2021\/06\/WhatsApp-Image-2021-06-23-at-20.07.58-190x300.jpeg 190w\" data-sizes=\"(max-width: 590px) 100vw, 590px\" src=\"data:image\/svg+xml;base64,PHN2ZyB3aWR0aD0iMSIgaGVpZ2h0PSIxIiB4bWxucz0iaHR0cDovL3d3dy53My5vcmcvMjAwMC9zdmciPjwvc3ZnPg==\" style=\"--smush-placeholder-width: 590px; --smush-placeholder-aspect-ratio: 590\/934;\" \/><\/figure>\n\n\n\n<figure class=\"wp-block-image size-large\"><img decoding=\"async\" width=\"575\" height=\"1024\" data-attachment-id=\"94646\" data-permalink=\"https:\/\/eldiariodesanpedro.com.ar\/sitio\/la-secretaria-de-desarrollo-humano-visito-a-mas-de-100-familias-en-zona-de-islas\/whatsapp-image-2021-06-23-at-20-07-59\/\" data-orig-file=\"https:\/\/eldiariodesanpedro.com.ar\/sitio\/wp-content\/uploads\/2021\/06\/WhatsApp-Image-2021-06-23-at-20.07.59.jpeg\" data-orig-size=\"588,1048\" data-comments-opened=\"1\" data-image-meta=\"{&quot;aperture&quot;:&quot;0&quot;,&quot;credit&quot;:&quot;&quot;,&quot;camera&quot;:&quot;&quot;,&quot;caption&quot;:&quot;&quot;,&quot;created_timestamp&quot;:&quot;0&quot;,&quot;copyright&quot;:&quot;&quot;,&quot;focal_length&quot;:&quot;0&quot;,&quot;iso&quot;:&quot;0&quot;,&quot;shutter_speed&quot;:&quot;0&quot;,&quot;title&quot;:&quot;&quot;,&quot;orientation&quot;:&quot;0&quot;}\" data-image-title=\"WhatsApp-Image-2021-06-23-at-20.07.59\" data-image-description=\"\" data-image-caption=\"\" data-large-file=\"https:\/\/eldiariodesanpedro.com.ar\/sitio\/wp-content\/uploads\/2021\/06\/WhatsApp-Image-2021-06-23-at-20.07.59-575x1024.jpeg\" data-src=\"https:\/\/eldiariodesanpedro.com.ar\/sitio\/wp-content\/uploads\/2021\/06\/WhatsApp-Image-2021-06-23-at-20.07.59-575x1024.jpeg\" alt=\"\" class=\"wp-image-94646 lazyload\" data-srcset=\"https:\/\/eldiariodesanpedro.com.ar\/sitio\/wp-content\/uploads\/2021\/06\/WhatsApp-Image-2021-06-23-at-20.07.59-575x1024.jpeg 575w, https:\/\/eldiariodesanpedro.com.ar\/sitio\/wp-content\/uploads\/2021\/06\/WhatsApp-Image-2021-06-23-at-20.07.59-168x300.jpeg 168w, https:\/\/eldiariodesanpedro.com.ar\/sitio\/wp-content\/uploads\/2021\/06\/WhatsApp-Image-2021-06-23-at-20.07.59.jpeg 588w\" data-sizes=\"(max-width: 575px) 100vw, 575px\" src=\"data:image\/svg+xml;base64,PHN2ZyB3aWR0aD0iMSIgaGVpZ2h0PSIxIiB4bWxucz0iaHR0cDovL3d3dy53My5vcmcvMjAwMC9zdmciPjwvc3ZnPg==\" style=\"--smush-placeholder-width: 575px; --smush-placeholder-aspect-ratio: 575\/1024;\" \/><\/figure>\n","protected":false},"excerpt":{"rendered":"<p>Se concret\u00f3 hoy una nueva recorrida por la zona de islas coordinada desde la Subsecretar\u00eda de G\u00e9nero a cargo de Laura Monfasani, junto a la Secretar\u00eda de Desarrollo Humano, el Servicio de Violencia Familiar, la Comisar\u00eda de la Mujer, Cruz Roja y Prefectura. El objetivo fue visitar a unas 100 familias que residen en esa [&hellip;]<\/p>\n","protected":false},"author":4,"featured_media":94644,"comment_status":"open","ping_status":"closed","sticky":false,"template":"","format":"standard","meta":{"om_disable_all_campaigns":false,"_jetpack_memberships_contains_paid_content":false,"footnotes":""},"categories":[50,101,2],"tags":[],"class_list":["post-94643","post","type-post","status-publish","format-standard","has-post-thumbnail","hentry","category-destacadas","category-interes-general-locales","category-locales"],"aioseo_notices":[],"gutentor_comment":0,"jetpack_featured_media_url":"https:\/\/eldiariodesanpedro.com.ar\/sitio\/wp-content\/uploads\/2021\/06\/WhatsApp-Image-2021-06-23-at-20.08.01.jpeg","jetpack_shortlink":"https:\/\/wp.me\/p6RhLt-oCv","jetpack_sharing_enabled":true,"_links":{"self":[{"href":"https:\/\/eldiariodesanpedro.com.ar\/sitio\/wp-json\/wp\/v2\/posts\/94643","targetHints":{"allow":["GET"]}}],"collection":[{"href":"https:\/\/eldiariodesanpedro.com.ar\/sitio\/wp-json\/wp\/v2\/posts"}],"about":[{"href":"https:\/\/eldiariodesanpedro.com.ar\/sitio\/wp-json\/wp\/v2\/types\/post"}],"author":[{"embeddable":true,"href":"https:\/\/eldiariodesanpedro.com.ar\/sitio\/wp-json\/wp\/v2\/users\/4"}],"replies":[{"embeddable":true,"href":"https:\/\/eldiariodesanpedro.com.ar\/sitio\/wp-json\/wp\/v2\/comments?post=94643"}],"version-history":[{"count":1,"href":"https:\/\/eldiariodesanpedro.com.ar\/sitio\/wp-json\/wp\/v2\/posts\/94643\/revisions"}],"predecessor-version":[{"id":94647,"href":"https:\/\/eldiariodesanpedro.com.ar\/sitio\/wp-json\/wp\/v2\/posts\/94643\/revisions\/94647"}],"wp:featuredmedia":[{"embeddable":true,"href":"https:\/\/eldiariodesanpedro.com.ar\/sitio\/wp-json\/wp\/v2\/media\/94644"}],"wp:attachment":[{"href":"https:\/\/eldiariodesanpedro.com.ar\/sitio\/wp-json\/wp\/v2\/media?parent=94643"}],"wp:term":[{"taxonomy":"category","embeddable":true,"href":"https:\/\/eldiariodesanpedro.com.ar\/sitio\/wp-json\/wp\/v2\/categories?post=94643"},{"taxonomy":"post_tag","embeddable":true,"href":"https:\/\/eldiariodesanpedro.com.ar\/sitio\/wp-json\/wp\/v2\/tags?post=94643"}],"curies":[{"name":"wp","href":"https:\/\/api.w.org\/{rel}","templated":true}]}}