{"id":94640,"date":"2021-06-23T20:07:14","date_gmt":"2021-06-23T23:07:14","guid":{"rendered":"https:\/\/eldiariodesanpedro.com.ar\/sitio\/?p=94640"},"modified":"2021-06-23T20:07:17","modified_gmt":"2021-06-23T23:07:17","slug":"maria-jose-mora-renuncio-a-la-direccion-de-cultura","status":"publish","type":"post","link":"https:\/\/eldiariodesanpedro.com.ar\/sitio\/maria-jose-mora-renuncio-a-la-direccion-de-cultura\/","title":{"rendered":"Mar\u00eda Jos\u00e9 Mora renunci\u00f3 a la Direcci\u00f3n de Cultura"},"content":{"rendered":"<!-- VideographyWP Plugin Message: Automatic video embedding prevented by plugin options. -->\n\n<p>La Directora de Cultura de la Municipalidad de San Pedro, Mar\u00eda Jos\u00e9 Mora, present\u00f3 formalmente su renuncia al cargo, que se har\u00e1 efectiva el 30 de Junio.&nbsp;<\/p>\n\n\n\n<p>Tras el alejamiento de los concejales del radicalismo del bloque oficialista en el HCD como se venia advirtiendo la Directora de Cultura decidi\u00f3 dar un paso al costado en su cargo y luego de su salida volver\u00e1 a la\u00a0Oficina de Compras y Suministros.\u00a0\u00a0<\/p>\n\n\n\n<p>Se esperan aun mas renuncias por parte de otro funcionarios radicales o del PRO que decidir\u00e1n alejarse del oficialismo una vez que ya esta confirmado que el Partido Fe pasa a ser parte de Frente de Todos.<\/p>\n","protected":false},"excerpt":{"rendered":"<p>La Directora de Cultura de la Municipalidad de San Pedro, Mar\u00eda Jos\u00e9 Mora, present\u00f3 formalmente su renuncia al cargo, que se har\u00e1 efectiva el 30 de Junio.&nbsp; Tras el alejamiento de los concejales del radicalismo del bloque oficialista en el HCD como se venia advirtiendo la Directora de Cultura decidi\u00f3 dar un paso al costado [&hellip;]<\/p>\n","protected":false},"author":4,"featured_media":94641,"comment_status":"open","ping_status":"closed","sticky":false,"template":"","format":"standard","meta":{"om_disable_all_campaigns":false,"_jetpack_memberships_contains_paid_content":false,"footnotes":""},"categories":[50,101,2],"tags":[],"class_list":["post-94640","post","type-post","status-publish","format-standard","has-post-thumbnail","hentry","category-destacadas","category-interes-general-locales","category-locales"],"aioseo_notices":[],"gutentor_comment":0,"jetpack_featured_media_url":"https:\/\/eldiariodesanpedro.com.ar\/sitio\/wp-content\/uploads\/2021\/06\/majo_mora.jpg","jetpack_shortlink":"https:\/\/wp.me\/p6RhLt-oCs","jetpack_sharing_enabled":true,"_links":{"self":[{"href":"https:\/\/eldiariodesanpedro.com.ar\/sitio\/wp-json\/wp\/v2\/posts\/94640","targetHints":{"allow":["GET"]}}],"collection":[{"href":"https:\/\/eldiariodesanpedro.com.ar\/sitio\/wp-json\/wp\/v2\/posts"}],"about":[{"href":"https:\/\/eldiariodesanpedro.com.ar\/sitio\/wp-json\/wp\/v2\/types\/post"}],"author":[{"embeddable":true,"href":"https:\/\/eldiariodesanpedro.com.ar\/sitio\/wp-json\/wp\/v2\/users\/4"}],"replies":[{"embeddable":true,"href":"https:\/\/eldiariodesanpedro.com.ar\/sitio\/wp-json\/wp\/v2\/comments?post=94640"}],"version-history":[{"count":1,"href":"https:\/\/eldiariodesanpedro.com.ar\/sitio\/wp-json\/wp\/v2\/posts\/94640\/revisions"}],"predecessor-version":[{"id":94642,"href":"https:\/\/eldiariodesanpedro.com.ar\/sitio\/wp-json\/wp\/v2\/posts\/94640\/revisions\/94642"}],"wp:featuredmedia":[{"embeddable":true,"href":"https:\/\/eldiariodesanpedro.com.ar\/sitio\/wp-json\/wp\/v2\/media\/94641"}],"wp:attachment":[{"href":"https:\/\/eldiariodesanpedro.com.ar\/sitio\/wp-json\/wp\/v2\/media?parent=94640"}],"wp:term":[{"taxonomy":"category","embeddable":true,"href":"https:\/\/eldiariodesanpedro.com.ar\/sitio\/wp-json\/wp\/v2\/categories?post=94640"},{"taxonomy":"post_tag","embeddable":true,"href":"https:\/\/eldiariodesanpedro.com.ar\/sitio\/wp-json\/wp\/v2\/tags?post=94640"}],"curies":[{"name":"wp","href":"https:\/\/api.w.org\/{rel}","templated":true}]}}