{"id":94629,"date":"2021-06-23T18:44:01","date_gmt":"2021-06-23T21:44:01","guid":{"rendered":"https:\/\/eldiariodesanpedro.com.ar\/sitio\/?p=94629"},"modified":"2021-06-23T18:44:05","modified_gmt":"2021-06-23T21:44:05","slug":"se-vacuno-contra-el-coronavirus-a-mas-de-la-mitad-de-los-inscriptos","status":"publish","type":"post","link":"https:\/\/eldiariodesanpedro.com.ar\/sitio\/se-vacuno-contra-el-coronavirus-a-mas-de-la-mitad-de-los-inscriptos\/","title":{"rendered":"Se vacuno contra el coronavirus a mas de la mitad de los inscriptos"},"content":{"rendered":"<!-- VideographyWP Plugin Message: Automatic video embedding prevented by plugin options. -->\n\n<p>En la jornada de ayer se informo por parte de la Regi\u00f3n Sanitaria IV que hasta el d\u00eda de la fecha se llevan vacunados con la primera dosis a 19.122 personas de un total de inscriptos de 34.823 lo que hace un 55% y con la segunda dosis 5416.<\/p>\n\n\n\n<p>Se espera que en esta semana se supere las 20 mil aplicaciones de primeras dosis y poder seguir avanzado con la inmunizaci\u00f3n.<\/p>\n\n\n\n<p>Recordemos que la provincia autorizo la inoculaci\u00f3n de los mayores de 55 a\u00f1os de edad, adem\u00e1s se informo de la circulaci\u00f3n de un aviso falso por WhatsApp del permiso a mayores de 40 a\u00f1os para vacunarse sin turno.<\/p>\n","protected":false},"excerpt":{"rendered":"<p>En la jornada de ayer se informo por parte de la Regi\u00f3n Sanitaria IV que hasta el d\u00eda de la fecha se llevan vacunados con la primera dosis a 19.122 personas de un total de inscriptos de 34.823 lo que hace un 55% y con la segunda dosis 5416. Se espera que en esta semana [&hellip;]<\/p>\n","protected":false},"author":4,"featured_media":94630,"comment_status":"open","ping_status":"closed","sticky":false,"template":"","format":"standard","meta":{"om_disable_all_campaigns":false,"_jetpack_memberships_contains_paid_content":false,"footnotes":""},"categories":[101,2],"tags":[],"class_list":["post-94629","post","type-post","status-publish","format-standard","has-post-thumbnail","hentry","category-interes-general-locales","category-locales"],"aioseo_notices":[],"gutentor_comment":0,"jetpack_featured_media_url":"https:\/\/eldiariodesanpedro.com.ar\/sitio\/wp-content\/uploads\/2021\/06\/WhatsApp-Image-2021-06-22-at-20.21.07.jpeg","jetpack_shortlink":"https:\/\/wp.me\/p6RhLt-oCh","jetpack_sharing_enabled":true,"_links":{"self":[{"href":"https:\/\/eldiariodesanpedro.com.ar\/sitio\/wp-json\/wp\/v2\/posts\/94629","targetHints":{"allow":["GET"]}}],"collection":[{"href":"https:\/\/eldiariodesanpedro.com.ar\/sitio\/wp-json\/wp\/v2\/posts"}],"about":[{"href":"https:\/\/eldiariodesanpedro.com.ar\/sitio\/wp-json\/wp\/v2\/types\/post"}],"author":[{"embeddable":true,"href":"https:\/\/eldiariodesanpedro.com.ar\/sitio\/wp-json\/wp\/v2\/users\/4"}],"replies":[{"embeddable":true,"href":"https:\/\/eldiariodesanpedro.com.ar\/sitio\/wp-json\/wp\/v2\/comments?post=94629"}],"version-history":[{"count":1,"href":"https:\/\/eldiariodesanpedro.com.ar\/sitio\/wp-json\/wp\/v2\/posts\/94629\/revisions"}],"predecessor-version":[{"id":94631,"href":"https:\/\/eldiariodesanpedro.com.ar\/sitio\/wp-json\/wp\/v2\/posts\/94629\/revisions\/94631"}],"wp:featuredmedia":[{"embeddable":true,"href":"https:\/\/eldiariodesanpedro.com.ar\/sitio\/wp-json\/wp\/v2\/media\/94630"}],"wp:attachment":[{"href":"https:\/\/eldiariodesanpedro.com.ar\/sitio\/wp-json\/wp\/v2\/media?parent=94629"}],"wp:term":[{"taxonomy":"category","embeddable":true,"href":"https:\/\/eldiariodesanpedro.com.ar\/sitio\/wp-json\/wp\/v2\/categories?post=94629"},{"taxonomy":"post_tag","embeddable":true,"href":"https:\/\/eldiariodesanpedro.com.ar\/sitio\/wp-json\/wp\/v2\/tags?post=94629"}],"curies":[{"name":"wp","href":"https:\/\/api.w.org\/{rel}","templated":true}]}}