{"id":94626,"date":"2021-06-23T18:07:52","date_gmt":"2021-06-23T21:07:52","guid":{"rendered":"https:\/\/eldiariodesanpedro.com.ar\/sitio\/?p=94626"},"modified":"2021-06-23T18:07:56","modified_gmt":"2021-06-23T21:07:56","slug":"la-municipalidad-adquirio-100-sillas-de-chapa-para-salas-de-espera-en-el-hospital","status":"publish","type":"post","link":"https:\/\/eldiariodesanpedro.com.ar\/sitio\/la-municipalidad-adquirio-100-sillas-de-chapa-para-salas-de-espera-en-el-hospital\/","title":{"rendered":"La municipalidad adquiri\u00f3 100 sillas de chapa para salas de espera en el Hospital"},"content":{"rendered":"<!-- VideographyWP Plugin Message: Automatic video embedding prevented by plugin options. -->\n\n<p>La Administraci\u00f3n del Hospital recibi\u00f3 hoy una adquisici\u00f3n de mobiliario realizada con fondos provenientes de la gesti\u00f3n de ingresos propios, que se viene concretando para contar con recursos que permitan mejoras constantes en el nosocomio.<\/p>\n\n\n\n<p>Fueron entregados un grupo de t\u00e1ndem que totalizan 100 sillas de chapas de 3.2 perforadas de primera calidad, para ser distribuidas en el sal\u00f3n central y en los espacios donde resulten necesarios, contemplando adem\u00e1s las medida de prevenci\u00f3n y distancias que son obligatorias ante la situaci\u00f3n actual.<\/p>\n\n\n\n<p>Una nueva incorporaci\u00f3n que eleva la calidad de atenci\u00f3n para todos los vecinos y vecinas que concurren a diario a nuestro Hospital.<\/p>\n","protected":false},"excerpt":{"rendered":"<p>La Administraci\u00f3n del Hospital recibi\u00f3 hoy una adquisici\u00f3n de mobiliario realizada con fondos provenientes de la gesti\u00f3n de ingresos propios, que se viene concretando para contar con recursos que permitan mejoras constantes en el nosocomio. Fueron entregados un grupo de t\u00e1ndem que totalizan 100 sillas de chapas de 3.2 perforadas de primera calidad, para ser [&hellip;]<\/p>\n","protected":false},"author":4,"featured_media":94627,"comment_status":"open","ping_status":"closed","sticky":false,"template":"","format":"standard","meta":{"om_disable_all_campaigns":false,"_jetpack_memberships_contains_paid_content":false,"footnotes":""},"categories":[101,2],"tags":[],"class_list":["post-94626","post","type-post","status-publish","format-standard","has-post-thumbnail","hentry","category-interes-general-locales","category-locales"],"aioseo_notices":[],"gutentor_comment":0,"jetpack_featured_media_url":"https:\/\/eldiariodesanpedro.com.ar\/sitio\/wp-content\/uploads\/2021\/06\/WhatsApp-Image-2021-06-23-at-16.50.00.jpeg","jetpack_shortlink":"https:\/\/wp.me\/p6RhLt-oCe","jetpack_sharing_enabled":true,"_links":{"self":[{"href":"https:\/\/eldiariodesanpedro.com.ar\/sitio\/wp-json\/wp\/v2\/posts\/94626","targetHints":{"allow":["GET"]}}],"collection":[{"href":"https:\/\/eldiariodesanpedro.com.ar\/sitio\/wp-json\/wp\/v2\/posts"}],"about":[{"href":"https:\/\/eldiariodesanpedro.com.ar\/sitio\/wp-json\/wp\/v2\/types\/post"}],"author":[{"embeddable":true,"href":"https:\/\/eldiariodesanpedro.com.ar\/sitio\/wp-json\/wp\/v2\/users\/4"}],"replies":[{"embeddable":true,"href":"https:\/\/eldiariodesanpedro.com.ar\/sitio\/wp-json\/wp\/v2\/comments?post=94626"}],"version-history":[{"count":1,"href":"https:\/\/eldiariodesanpedro.com.ar\/sitio\/wp-json\/wp\/v2\/posts\/94626\/revisions"}],"predecessor-version":[{"id":94628,"href":"https:\/\/eldiariodesanpedro.com.ar\/sitio\/wp-json\/wp\/v2\/posts\/94626\/revisions\/94628"}],"wp:featuredmedia":[{"embeddable":true,"href":"https:\/\/eldiariodesanpedro.com.ar\/sitio\/wp-json\/wp\/v2\/media\/94627"}],"wp:attachment":[{"href":"https:\/\/eldiariodesanpedro.com.ar\/sitio\/wp-json\/wp\/v2\/media?parent=94626"}],"wp:term":[{"taxonomy":"category","embeddable":true,"href":"https:\/\/eldiariodesanpedro.com.ar\/sitio\/wp-json\/wp\/v2\/categories?post=94626"},{"taxonomy":"post_tag","embeddable":true,"href":"https:\/\/eldiariodesanpedro.com.ar\/sitio\/wp-json\/wp\/v2\/tags?post=94626"}],"curies":[{"name":"wp","href":"https:\/\/api.w.org\/{rel}","templated":true}]}}