{"id":94621,"date":"2021-06-23T18:03:19","date_gmt":"2021-06-23T21:03:19","guid":{"rendered":"https:\/\/eldiariodesanpedro.com.ar\/sitio\/?p=94621"},"modified":"2021-06-23T18:03:23","modified_gmt":"2021-06-23T21:03:23","slug":"san-pedro-un-paso-mas-en-la-implementacion-del-proyecto-local-sobre-cannabis-medicinal","status":"publish","type":"post","link":"https:\/\/eldiariodesanpedro.com.ar\/sitio\/san-pedro-un-paso-mas-en-la-implementacion-del-proyecto-local-sobre-cannabis-medicinal\/","title":{"rendered":"San Pedro un paso m\u00e1s en la implementaci\u00f3n del proyecto local sobre cannabis medicinal"},"content":{"rendered":"<!-- VideographyWP Plugin Message: Automatic video embedding prevented by plugin options. -->\n\n<p>Tras el convenio suscripto entre el INTA y la Municipalidad de San Pedro para avanzar en investigaciones en el tema, se concret\u00f3 ahora la firma con LCA, Laboratorios Cannabis Argentina, la empresa que financiar\u00e1 los desarrollos.<\/p>\n\n\n\n<p>De esta manera se siguen dando pasos firmes para concretar esta iniciativa que desde la gesti\u00f3n del Intendente Salazar ha recorrido diferentes alternativas, siempre con la convicci\u00f3n de colocar a San Pedro dentro de las ciudades que desarrollen un tema que generar\u00e1 gran inter\u00e9s en la comunidad, por su eficacia en tratamientos de salud.<\/p>\n\n\n\n<p>Con esta firma, qued\u00f3 establecida la articulaci\u00f3n donde confluyen la iniciativa y gesti\u00f3n pol\u00edtica, la experiencia y el potencial de investigaci\u00f3n, y recursos e ideas de negocio, para poner en marcha un proyecto que dar\u00e1 una nueva impronta a la regi\u00f3n.<\/p>\n\n\n\n<p>En ese marco, ya comenzaron las tareas en un lote de 1 hect\u00e1rea con cerco perimetral, donde se llevar\u00e1 adelante el proyecto productivo, desde el plant\u00edn hasta el cultivo del cannabis en sus variedades con fines medicinales, dentro del marco de la ley 27.350, que autoriza el uso terap\u00e9utico y paliativo.<\/p>\n\n\n\n<p>Mientras se dota al espacio de un sistema de seguridad y de una infraestructura especial, ya se realizaron los primeros trabajos en un lote que estaba cambiando su uso, en el que se implant\u00f3 otro cultivo de cobertura, para ir acomodando la estructura y nutrici\u00f3n del suelo.<\/p>\n\n\n\n<p>La empresa LCA viene investigando el mercado y articulando conocimientos, para avanzar en los pasos necesarios para la importaci\u00f3n de material de multiplicaci\u00f3n. Por ello, recientemente se concret\u00f3 la visita compartida a las instalaciones del INTA tanto de las partes involucradas en el convenio como de los responsables de las oficinas locales del INASE y SENASA, organismos que tambi\u00e9n se suman al proyecto por su papel fiscalizador en el material de origen y el manejo sanitario.<\/p>\n\n\n\n<p>El proyecto reci\u00e9n comienza, y son numerosas las etapas a transitar, pero este primer paso es un camino en el dise\u00f1o y acondicionamiento de las instalaciones necesarias para la realizaci\u00f3n de las actividades previstas y la habilitaci\u00f3n de acuerdo con los requisitos oficiales.<\/p>\n\n\n\n<p>A esto se suma el proceso de importaci\u00f3n de germoplasma de cannabis y la continuidad de las capacitaciones y visitas para el personal, hasta tanto pueda iniciarse el ciclo del cultivo.<\/p>\n\n\n\n<iframe data-src=\"https:\/\/www.facebook.com\/plugins\/video.php?height=314&#038;href=https%3A%2F%2Fwww.facebook.com%2Feldiario.desanpedro%2Fvideos%2F825103198384708%2F&#038;show_text=false&#038;width=560&#038;t=0\" width=\"560\" height=\"314\" style=\"border:none;overflow:hidden\" scrolling=\"no\" frameborder=\"0\" allowfullscreen=\"true\" allow=\"autoplay; clipboard-write; encrypted-media; picture-in-picture; web-share\" allowFullScreen=\"true\" src=\"data:image\/svg+xml;base64,PHN2ZyB3aWR0aD0iMSIgaGVpZ2h0PSIxIiB4bWxucz0iaHR0cDovL3d3dy53My5vcmcvMjAwMC9zdmciPjwvc3ZnPg==\" class=\"lazyload\" data-load-mode=\"1\"><\/iframe>\n\n\n\n<figure class=\"wp-block-image size-large\"><img decoding=\"async\" width=\"1024\" height=\"682\" data-attachment-id=\"94624\" data-permalink=\"https:\/\/eldiariodesanpedro.com.ar\/sitio\/san-pedro-un-paso-mas-en-la-implementacion-del-proyecto-local-sobre-cannabis-medicinal\/whatsapp-image-2021-06-23-at-13-17-53\/\" data-orig-file=\"https:\/\/eldiariodesanpedro.com.ar\/sitio\/wp-content\/uploads\/2021\/06\/WhatsApp-Image-2021-06-23-at-13.17.53.jpeg\" data-orig-size=\"1280,852\" data-comments-opened=\"1\" data-image-meta=\"{&quot;aperture&quot;:&quot;0&quot;,&quot;credit&quot;:&quot;&quot;,&quot;camera&quot;:&quot;&quot;,&quot;caption&quot;:&quot;&quot;,&quot;created_timestamp&quot;:&quot;0&quot;,&quot;copyright&quot;:&quot;&quot;,&quot;focal_length&quot;:&quot;0&quot;,&quot;iso&quot;:&quot;0&quot;,&quot;shutter_speed&quot;:&quot;0&quot;,&quot;title&quot;:&quot;&quot;,&quot;orientation&quot;:&quot;0&quot;}\" data-image-title=\"WhatsApp Image 2021-06-23 at 13.17.53\" data-image-description=\"\" data-image-caption=\"\" data-large-file=\"https:\/\/eldiariodesanpedro.com.ar\/sitio\/wp-content\/uploads\/2021\/06\/WhatsApp-Image-2021-06-23-at-13.17.53-1024x682.jpeg\" data-src=\"https:\/\/eldiariodesanpedro.com.ar\/sitio\/wp-content\/uploads\/2021\/06\/WhatsApp-Image-2021-06-23-at-13.17.53-1024x682.jpeg\" alt=\"\" class=\"wp-image-94624 lazyload\" data-srcset=\"https:\/\/eldiariodesanpedro.com.ar\/sitio\/wp-content\/uploads\/2021\/06\/WhatsApp-Image-2021-06-23-at-13.17.53-1024x682.jpeg 1024w, https:\/\/eldiariodesanpedro.com.ar\/sitio\/wp-content\/uploads\/2021\/06\/WhatsApp-Image-2021-06-23-at-13.17.53-300x200.jpeg 300w, https:\/\/eldiariodesanpedro.com.ar\/sitio\/wp-content\/uploads\/2021\/06\/WhatsApp-Image-2021-06-23-at-13.17.53-768x511.jpeg 768w, https:\/\/eldiariodesanpedro.com.ar\/sitio\/wp-content\/uploads\/2021\/06\/WhatsApp-Image-2021-06-23-at-13.17.53.jpeg 1280w\" data-sizes=\"(max-width: 1024px) 100vw, 1024px\" src=\"data:image\/svg+xml;base64,PHN2ZyB3aWR0aD0iMSIgaGVpZ2h0PSIxIiB4bWxucz0iaHR0cDovL3d3dy53My5vcmcvMjAwMC9zdmciPjwvc3ZnPg==\" style=\"--smush-placeholder-width: 1024px; --smush-placeholder-aspect-ratio: 1024\/682;\" \/><\/figure>\n\n\n\n<figure class=\"wp-block-image size-large\"><img decoding=\"async\" width=\"1024\" height=\"682\" data-attachment-id=\"94623\" data-permalink=\"https:\/\/eldiariodesanpedro.com.ar\/sitio\/san-pedro-un-paso-mas-en-la-implementacion-del-proyecto-local-sobre-cannabis-medicinal\/whatsapp-image-2021-06-23-at-13-17-53-1\/\" data-orig-file=\"https:\/\/eldiariodesanpedro.com.ar\/sitio\/wp-content\/uploads\/2021\/06\/WhatsApp-Image-2021-06-23-at-13.17.53-1.jpeg\" data-orig-size=\"1280,853\" data-comments-opened=\"1\" data-image-meta=\"{&quot;aperture&quot;:&quot;0&quot;,&quot;credit&quot;:&quot;&quot;,&quot;camera&quot;:&quot;&quot;,&quot;caption&quot;:&quot;&quot;,&quot;created_timestamp&quot;:&quot;0&quot;,&quot;copyright&quot;:&quot;&quot;,&quot;focal_length&quot;:&quot;0&quot;,&quot;iso&quot;:&quot;0&quot;,&quot;shutter_speed&quot;:&quot;0&quot;,&quot;title&quot;:&quot;&quot;,&quot;orientation&quot;:&quot;0&quot;}\" data-image-title=\"WhatsApp Image 2021-06-23 at 13.17.53 (1)\" data-image-description=\"\" data-image-caption=\"\" data-large-file=\"https:\/\/eldiariodesanpedro.com.ar\/sitio\/wp-content\/uploads\/2021\/06\/WhatsApp-Image-2021-06-23-at-13.17.53-1-1024x682.jpeg\" data-src=\"https:\/\/eldiariodesanpedro.com.ar\/sitio\/wp-content\/uploads\/2021\/06\/WhatsApp-Image-2021-06-23-at-13.17.53-1-1024x682.jpeg\" alt=\"\" class=\"wp-image-94623 lazyload\" data-srcset=\"https:\/\/eldiariodesanpedro.com.ar\/sitio\/wp-content\/uploads\/2021\/06\/WhatsApp-Image-2021-06-23-at-13.17.53-1-1024x682.jpeg 1024w, https:\/\/eldiariodesanpedro.com.ar\/sitio\/wp-content\/uploads\/2021\/06\/WhatsApp-Image-2021-06-23-at-13.17.53-1-300x200.jpeg 300w, https:\/\/eldiariodesanpedro.com.ar\/sitio\/wp-content\/uploads\/2021\/06\/WhatsApp-Image-2021-06-23-at-13.17.53-1-768x512.jpeg 768w, https:\/\/eldiariodesanpedro.com.ar\/sitio\/wp-content\/uploads\/2021\/06\/WhatsApp-Image-2021-06-23-at-13.17.53-1.jpeg 1280w\" data-sizes=\"(max-width: 1024px) 100vw, 1024px\" src=\"data:image\/svg+xml;base64,PHN2ZyB3aWR0aD0iMSIgaGVpZ2h0PSIxIiB4bWxucz0iaHR0cDovL3d3dy53My5vcmcvMjAwMC9zdmciPjwvc3ZnPg==\" style=\"--smush-placeholder-width: 1024px; --smush-placeholder-aspect-ratio: 1024\/682;\" \/><\/figure>\n","protected":false},"excerpt":{"rendered":"<p>Tras el convenio suscripto entre el INTA y la Municipalidad de San Pedro para avanzar en investigaciones en el tema, se concret\u00f3 ahora la firma con LCA, Laboratorios Cannabis Argentina, la empresa que financiar\u00e1 los desarrollos. De esta manera se siguen dando pasos firmes para concretar esta iniciativa que desde la gesti\u00f3n del Intendente Salazar [&hellip;]<\/p>\n","protected":false},"author":4,"featured_media":94622,"comment_status":"open","ping_status":"closed","sticky":false,"template":"","format":"standard","meta":{"om_disable_all_campaigns":false,"_jetpack_memberships_contains_paid_content":false,"footnotes":""},"categories":[50,101,2],"tags":[],"class_list":["post-94621","post","type-post","status-publish","format-standard","has-post-thumbnail","hentry","category-destacadas","category-interes-general-locales","category-locales"],"aioseo_notices":[],"gutentor_comment":0,"jetpack_featured_media_url":"https:\/\/eldiariodesanpedro.com.ar\/sitio\/wp-content\/uploads\/2021\/06\/WhatsApp-Image-2021-06-23-at-13.17.46.jpeg","jetpack_shortlink":"https:\/\/wp.me\/p6RhLt-oC9","jetpack_sharing_enabled":true,"_links":{"self":[{"href":"https:\/\/eldiariodesanpedro.com.ar\/sitio\/wp-json\/wp\/v2\/posts\/94621","targetHints":{"allow":["GET"]}}],"collection":[{"href":"https:\/\/eldiariodesanpedro.com.ar\/sitio\/wp-json\/wp\/v2\/posts"}],"about":[{"href":"https:\/\/eldiariodesanpedro.com.ar\/sitio\/wp-json\/wp\/v2\/types\/post"}],"author":[{"embeddable":true,"href":"https:\/\/eldiariodesanpedro.com.ar\/sitio\/wp-json\/wp\/v2\/users\/4"}],"replies":[{"embeddable":true,"href":"https:\/\/eldiariodesanpedro.com.ar\/sitio\/wp-json\/wp\/v2\/comments?post=94621"}],"version-history":[{"count":1,"href":"https:\/\/eldiariodesanpedro.com.ar\/sitio\/wp-json\/wp\/v2\/posts\/94621\/revisions"}],"predecessor-version":[{"id":94625,"href":"https:\/\/eldiariodesanpedro.com.ar\/sitio\/wp-json\/wp\/v2\/posts\/94621\/revisions\/94625"}],"wp:featuredmedia":[{"embeddable":true,"href":"https:\/\/eldiariodesanpedro.com.ar\/sitio\/wp-json\/wp\/v2\/media\/94622"}],"wp:attachment":[{"href":"https:\/\/eldiariodesanpedro.com.ar\/sitio\/wp-json\/wp\/v2\/media?parent=94621"}],"wp:term":[{"taxonomy":"category","embeddable":true,"href":"https:\/\/eldiariodesanpedro.com.ar\/sitio\/wp-json\/wp\/v2\/categories?post=94621"},{"taxonomy":"post_tag","embeddable":true,"href":"https:\/\/eldiariodesanpedro.com.ar\/sitio\/wp-json\/wp\/v2\/tags?post=94621"}],"curies":[{"name":"wp","href":"https:\/\/api.w.org\/{rel}","templated":true}]}}