{"id":94618,"date":"2021-06-23T17:41:47","date_gmt":"2021-06-23T20:41:47","guid":{"rendered":"https:\/\/eldiariodesanpedro.com.ar\/sitio\/?p=94618"},"modified":"2021-06-23T17:41:50","modified_gmt":"2021-06-23T20:41:50","slug":"desde-provincia-desmintieron-una-falsa-convocatoria-a-vacunarse","status":"publish","type":"post","link":"https:\/\/eldiariodesanpedro.com.ar\/sitio\/desde-provincia-desmintieron-una-falsa-convocatoria-a-vacunarse\/","title":{"rendered":"Desde Provincia desmintieron una falsa convocatoria a vacunarse"},"content":{"rendered":"<!-- VideographyWP Plugin Message: Automatic video embedding prevented by plugin options. -->\n\n<p>El viceministro de Salud, Nicol\u00e1s Kreplak, aclar\u00f3 que es falsa la imagen que se difundi\u00f3 en las \u00faltimas horas sobre la vacunaci\u00f3n.<\/p>\n\n\n\n<p>En las \u00faltimas horas se difundi\u00f3 por redes sociales y WhatsApp una convocatoria a vacunarse para bonaerense mayores de 40 a\u00f1os sin comorbilidades, lo que se trat\u00f3 de una fake news que tuvo que ser aclarada por el viceministro de Salud de la provincia de Buenos Aires, Nicol\u00e1s Kreplak.<\/p>\n\n\n\n<p>\u00abLa vacunaci\u00f3n libre es para mayores de 55 a\u00f1os. Esta imagen que circul\u00f3 en la tarde de hoy tiene informaci\u00f3n falsa. Seamos responsables de lo que compartimos y difundimos para no generar confusi\u00f3n y angustia\u00bb, escribi\u00f3 el funcionario bonaerense.<\/p>\n\n\n\n<p>La falsa convocatoria llamaba a todos los bonaerenses mayores de 40 a\u00f1os a vacunarse sin turno, lo que, al tratarse de una falsa informaci\u00f3n, pod\u00eda generar caos en los centros de vacunaci\u00f3n de la Provincia.<\/p>\n\n\n\n<p>Desde el Gobierno bonaerense no tardaron en alertar que se trataba de una \u00abfake news\u00bb, algo que luego tambi\u00e9n aclar\u00f3 Kreplak.<\/p>\n","protected":false},"excerpt":{"rendered":"<p>El viceministro de Salud, Nicol\u00e1s Kreplak, aclar\u00f3 que es falsa la imagen que se difundi\u00f3 en las \u00faltimas horas sobre la vacunaci\u00f3n. En las \u00faltimas horas se difundi\u00f3 por redes sociales y WhatsApp una convocatoria a vacunarse para bonaerense mayores de 40 a\u00f1os sin comorbilidades, lo que se trat\u00f3 de una fake news que tuvo [&hellip;]<\/p>\n","protected":false},"author":4,"featured_media":94619,"comment_status":"open","ping_status":"closed","sticky":false,"template":"","format":"standard","meta":{"om_disable_all_campaigns":false,"_jetpack_memberships_contains_paid_content":false,"footnotes":""},"categories":[101,2],"tags":[],"class_list":["post-94618","post","type-post","status-publish","format-standard","has-post-thumbnail","hentry","category-interes-general-locales","category-locales"],"aioseo_notices":[],"gutentor_comment":0,"jetpack_featured_media_url":"https:\/\/eldiariodesanpedro.com.ar\/sitio\/wp-content\/uploads\/2021\/06\/WhatsApp-Image-2021-06-23-at-14.31.54.jpeg","jetpack_shortlink":"https:\/\/wp.me\/p6RhLt-oC6","jetpack_sharing_enabled":true,"_links":{"self":[{"href":"https:\/\/eldiariodesanpedro.com.ar\/sitio\/wp-json\/wp\/v2\/posts\/94618","targetHints":{"allow":["GET"]}}],"collection":[{"href":"https:\/\/eldiariodesanpedro.com.ar\/sitio\/wp-json\/wp\/v2\/posts"}],"about":[{"href":"https:\/\/eldiariodesanpedro.com.ar\/sitio\/wp-json\/wp\/v2\/types\/post"}],"author":[{"embeddable":true,"href":"https:\/\/eldiariodesanpedro.com.ar\/sitio\/wp-json\/wp\/v2\/users\/4"}],"replies":[{"embeddable":true,"href":"https:\/\/eldiariodesanpedro.com.ar\/sitio\/wp-json\/wp\/v2\/comments?post=94618"}],"version-history":[{"count":1,"href":"https:\/\/eldiariodesanpedro.com.ar\/sitio\/wp-json\/wp\/v2\/posts\/94618\/revisions"}],"predecessor-version":[{"id":94620,"href":"https:\/\/eldiariodesanpedro.com.ar\/sitio\/wp-json\/wp\/v2\/posts\/94618\/revisions\/94620"}],"wp:featuredmedia":[{"embeddable":true,"href":"https:\/\/eldiariodesanpedro.com.ar\/sitio\/wp-json\/wp\/v2\/media\/94619"}],"wp:attachment":[{"href":"https:\/\/eldiariodesanpedro.com.ar\/sitio\/wp-json\/wp\/v2\/media?parent=94618"}],"wp:term":[{"taxonomy":"category","embeddable":true,"href":"https:\/\/eldiariodesanpedro.com.ar\/sitio\/wp-json\/wp\/v2\/categories?post=94618"},{"taxonomy":"post_tag","embeddable":true,"href":"https:\/\/eldiariodesanpedro.com.ar\/sitio\/wp-json\/wp\/v2\/tags?post=94618"}],"curies":[{"name":"wp","href":"https:\/\/api.w.org\/{rel}","templated":true}]}}