{"id":94612,"date":"2021-06-23T12:40:39","date_gmt":"2021-06-23T15:40:39","guid":{"rendered":"https:\/\/eldiariodesanpedro.com.ar\/sitio\/?p=94612"},"modified":"2021-06-23T12:40:43","modified_gmt":"2021-06-23T15:40:43","slug":"axel-kicillof-el-que-comete-un-delito-debe-cumplir-su-condena-pero-respetando-los-derechos-humanos","status":"publish","type":"post","link":"https:\/\/eldiariodesanpedro.com.ar\/sitio\/axel-kicillof-el-que-comete-un-delito-debe-cumplir-su-condena-pero-respetando-los-derechos-humanos\/","title":{"rendered":"Axel Kicillof: \u00abEl que comete un delito debe cumplir su condena, pero respetando los derechos humanos\u00bb"},"content":{"rendered":"<!-- VideographyWP Plugin Message: Automatic video embedding prevented by plugin options. -->\n\n<p>El gobernador de Buenos Aires, Axel Kicillof, form\u00f3 parte este mi\u00e9rcoles de la inauguraci\u00f3n de la nueva alcaid\u00eda del partido de Florencio Varela, donde expuso los problemas que padece la provincia en medio de una alta tasa de sobrepoblaci\u00f3n en el sistema penitenciario.<\/p>\n\n\n\n<p>\u201cNos toc\u00f3 asumir en medio de una huelga de hambre por el hacinamiento como cuesti\u00f3n estructural, por la falta de pago a los proveedores y entonces la ausencia de comida y medicamentos en lo coyuntural\u201d, mencion\u00f3 Kicillof sobre la realidad del sistema de c\u00e1rceles en Buenos Aires.<\/p>\n\n\n\n<p>Y apunt\u00f3 contra la gesti\u00f3n de la ex gobernadora bonaerense Mar\u00eda Eugenia Vidal: \u201cHay problemas que llevan d\u00e9cadas, pero cuando a uno le toca la responsabilidad de gobernar puede hacerse el distra\u00eddo, ocultarlo, porque son cosas inc\u00f3modas de mostrar, y dejar que las cosas se sigan deteriorando. A veces los cambios llevan m\u00e1s tiempo que los ciclos electorales, tal vez por los vol\u00famenes de la inversi\u00f3n, porque son temas tab\u00fa o porque no son temas electorales cl\u00e1sicos no se hacen y se postergan. Una cosa es eso, y otra es retroceder, como ocurri\u00f3 durante el gobierno pasado\u201d.<\/p>\n\n\n\n<p>Axel Kicillof dijo que al asumir como gobernador encontr\u00f3 \u201cuna situaci\u00f3n terrible\u201d de las que son \u201crecurrentes en la provincia de Buenos Aires\u201d: \u201cAlgunos piensan que simplemente encarcelando a alguien, sac\u00e1ndolo de circulaci\u00f3n, el problema est\u00e1 resulto, y es mentira\u201d, sostuvo.<\/p>\n\n\n\n<p>\u201cTodo aquel que comete un delito tiene que cumplir su condena, pero respetando nuestra Constituci\u00f3n provincial y los derechos humanos. La condena no puede ser una tortura\u201d porque \u201cel resultado de ese hacinamiento es que aquellos que van a cumplir su condena, cuando son liberados, en un porcentaje elevad\u00edsimo, reinciden\u201d, agreg\u00f3.<\/p>\n\n\n\n<p>\u201cLos \u00fanico que ganamos es posponer, demorar y ocultar, pero no resolver el problema de la seguridad en la provincia, que tiene que ver con cambiar tambi\u00e9n las condiciones en nuestro servicio penitenciario\u201d, explic\u00f3 Kicillof desde Florencio Varela.<\/p>\n\n\n\n<p>En cuanto a las condiciones sanitarias de los presos en las c\u00e1rceles, anunci\u00f3 que se encuentran en construcci\u00f3n \u201c15 hospitales penitenciarios en la provincia de Buenos Aires\u201d, de los cuales dos se inauguran hoy en el mencionado partido bonaerense.<\/p>\n\n\n\n<p>Kicillof explic\u00f3 en ese sentido que con esto se logra \u201cque los internos no tengan que acudir al sistema de salud del municipio y la provincia, lo cual representa gastos cuantiosos, movilizaci\u00f3n, riesgos y desatenci\u00f3n para quienes necesitan el servicio\u201d.<\/p>\n\n\n\n<p>En ese marco, Axel Kicillof se refiri\u00f3 en particular a la situaci\u00f3n del sistema de salud general de Buenos Aires y sostuvo que \u201ccon la pandemia qued\u00f3 clara la inmensa fragilidad que ten\u00eda\u201d y \u201cla falta de articulaci\u00f3n entre los niveles y prestadores. En tiempo r\u00e9cord, de esa debilidad hicimos la principal fortaleza para enfrentar la pandemia\u201d.<\/p>\n\n\n\n<p>\u201cRecibimos un sistema de salud devastado, abandonado, con obras paradas, sin terminar, por motivos inconfesables. Los que se llenan la boca hoy d\u00e1ndonos concejos que digan por qu\u00e9 no abr\u00edan los cinco hospitales que estaban por terminarse\u201d, lanz\u00f3 el Gobernador bonaerense.<\/p>\n\n\n\n<p>\u201cTen\u00edamos 883 camas de terapia intensiva en el sistema p\u00fablico. El 1 de julio del 2020 se ocup\u00f3 la cama 884, triplicamos la cantidad de camas de terapia intensiva, hicimos 188 obras junto con el Gobierno nacional y estos hospitales penitenciarios que son las que sirven y contribuyen a atajar la emergencia\u201d, finaliz\u00f3.<\/p>\n\n\n\n<p>Fuente: <a href=\"https:\/\/www.minutouno.com\/politica\/axel-kicillof\/kicillof-el-que-comete-un-delito-debe-cumplir-su-condena-pero-respetando-los-derechos-humanos-n5206945\">Minuto1<\/a><\/p>\n","protected":false},"excerpt":{"rendered":"<p>El gobernador de Buenos Aires, Axel Kicillof, form\u00f3 parte este mi\u00e9rcoles de la inauguraci\u00f3n de la nueva alcaid\u00eda del partido de Florencio Varela, donde expuso los problemas que padece la provincia en medio de una alta tasa de sobrepoblaci\u00f3n en el sistema penitenciario. \u201cNos toc\u00f3 asumir en medio de una huelga de hambre por el [&hellip;]<\/p>\n","protected":false},"author":4,"featured_media":94613,"comment_status":"open","ping_status":"closed","sticky":false,"template":"","format":"standard","meta":{"om_disable_all_campaigns":false,"_jetpack_memberships_contains_paid_content":false,"footnotes":""},"categories":[621],"tags":[],"class_list":["post-94612","post","type-post","status-publish","format-standard","has-post-thumbnail","hentry","category-regionales"],"aioseo_notices":[],"gutentor_comment":0,"jetpack_featured_media_url":"https:\/\/eldiariodesanpedro.com.ar\/sitio\/wp-content\/uploads\/2021\/06\/Kicillof.jpg","jetpack_shortlink":"https:\/\/wp.me\/p6RhLt-oC0","jetpack_sharing_enabled":true,"_links":{"self":[{"href":"https:\/\/eldiariodesanpedro.com.ar\/sitio\/wp-json\/wp\/v2\/posts\/94612","targetHints":{"allow":["GET"]}}],"collection":[{"href":"https:\/\/eldiariodesanpedro.com.ar\/sitio\/wp-json\/wp\/v2\/posts"}],"about":[{"href":"https:\/\/eldiariodesanpedro.com.ar\/sitio\/wp-json\/wp\/v2\/types\/post"}],"author":[{"embeddable":true,"href":"https:\/\/eldiariodesanpedro.com.ar\/sitio\/wp-json\/wp\/v2\/users\/4"}],"replies":[{"embeddable":true,"href":"https:\/\/eldiariodesanpedro.com.ar\/sitio\/wp-json\/wp\/v2\/comments?post=94612"}],"version-history":[{"count":1,"href":"https:\/\/eldiariodesanpedro.com.ar\/sitio\/wp-json\/wp\/v2\/posts\/94612\/revisions"}],"predecessor-version":[{"id":94614,"href":"https:\/\/eldiariodesanpedro.com.ar\/sitio\/wp-json\/wp\/v2\/posts\/94612\/revisions\/94614"}],"wp:featuredmedia":[{"embeddable":true,"href":"https:\/\/eldiariodesanpedro.com.ar\/sitio\/wp-json\/wp\/v2\/media\/94613"}],"wp:attachment":[{"href":"https:\/\/eldiariodesanpedro.com.ar\/sitio\/wp-json\/wp\/v2\/media?parent=94612"}],"wp:term":[{"taxonomy":"category","embeddable":true,"href":"https:\/\/eldiariodesanpedro.com.ar\/sitio\/wp-json\/wp\/v2\/categories?post=94612"},{"taxonomy":"post_tag","embeddable":true,"href":"https:\/\/eldiariodesanpedro.com.ar\/sitio\/wp-json\/wp\/v2\/tags?post=94612"}],"curies":[{"name":"wp","href":"https:\/\/api.w.org\/{rel}","templated":true}]}}