{"id":94609,"date":"2021-06-23T12:37:23","date_gmt":"2021-06-23T15:37:23","guid":{"rendered":"https:\/\/eldiariodesanpedro.com.ar\/sitio\/?p=94609"},"modified":"2021-06-23T12:37:28","modified_gmt":"2021-06-23T15:37:28","slug":"que-pasara-con-las-vacaciones-de-invierno-en-la-provincia","status":"publish","type":"post","link":"https:\/\/eldiariodesanpedro.com.ar\/sitio\/que-pasara-con-las-vacaciones-de-invierno-en-la-provincia\/","title":{"rendered":"Qu\u00e9 pasar\u00e1 con las vacaciones de invierno en la Provincia"},"content":{"rendered":"<!-- VideographyWP Plugin Message: Automatic video embedding prevented by plugin options. -->\n\n<p>La Provincia confirm\u00f3 que el turismo estar\u00e1 permitido en las vacaciones de invierno, que ser\u00e1 las \u00faltimas dos semanas de julio, del 19 al 30 de ese mes.<\/p>\n\n\n\n<p>Se acercan las\u00a0<strong>vacaciones\u00a0de invierno<\/strong>\u00a0en la provincia de Buenos Aires y desde la gesti\u00f3n de\u00a0<strong>Axel Kicillof<\/strong>\u00a0brindaron precisiones respecto a\u00a0<strong>cu\u00e1ndo ser\u00e1n y qu\u00e9 actividades estar\u00e1n permitidas<\/strong>\u00a0en el marco de la pandemia de coronavirus.<\/p>\n\n\n\n<p>En ese sentido,\u00a0<strong>el jefe de Gabinete Carlos Bianco confirm\u00f3 que no se adelantar\u00e1n<\/strong>, y se mantendr\u00e1 el calendario escolar establecido por la Direcci\u00f3n General de Cultura y Educaci\u00f3n.<\/p>\n\n\n\n<p><strong>\u00abEn alg\u00fan momento hab\u00edamos analizado la posibilidad de adelantarlas, no fue necesario. As\u00ed que van a seguir tal como estaban estipuladas\u00bb, afirm\u00f3 Bianco.&nbsp;<\/strong>Respecto a la actividad tur\u00edstica, el funcionario se\u00f1al\u00f3 que&nbsp;<strong>la&nbsp;<a href=\"https:\/\/infocielo.com\/provincia-a60\">Provincia<\/a>&nbsp;no har\u00e1 una campa\u00f1a de vacaciones<\/strong>, ya que la situaci\u00f3n epidemiol\u00f3gica a\u00fan es cr\u00edtica en varios municipios, pero no estar\u00e1 prohibido circular ni alojarse en hoteles.<\/p>\n\n\n\n<p>\u00abNo estamos haciendo una campa\u00f1a porque la situaci\u00f3n no amerita, pero obviamente&nbsp;<strong>aquellos que quieran tomar un d\u00eda en alg\u00fan destino, de manera cuidada, est\u00e1n en su derecho<\/strong>&nbsp;porque no hay ninguna normativa que lo impida\u00bb, explic\u00f3 Bianco.<\/p>\n\n\n\n<p><strong>\u00abLo \u00fanico que pedimos es que eso sea cuidado, que sea controlado, que se cumplan todos los protocolos tales como los hemos establecido para la temporada de verano, una temporada que nadie esperaba que pod\u00edamos tener\u00bb<\/strong>, agreg\u00f3.<\/p>\n\n\n\n<p><strong>Cu\u00e1ndo son las vacaciones de invierno en la provincia de Buenos Aires<\/strong><br>Seg\u00fan la resoluci\u00f3n de Educaci\u00f3n, y tras la confirmaci\u00f3n de la Provincia, las\u00a0<strong>vacaciones de\u00a0invierno\u00a0<\/strong>ser\u00e1n durante las dos \u00faltimas semanas de julio.\u00a0<strong>Comenzar\u00e1n de manera oficial el lunes 19 de julio y finalizar\u00e1n el viernes 30 de julio.<\/strong><\/p>\n\n\n\n<p><strong>Qu\u00e9 actividades estar\u00e1n permitidas en las vacaciones de invierno<\/strong><br>Sin una campa\u00f1a especial como ocurri\u00f3 durante el verano,\u00a0<strong>se respetar\u00e1n las actividades permitidas y reguladas por el\u00a0sistema de fases<\/strong>. De esa forma,\u00a0<strong>los municipios en fase 3 y fase 4 podr\u00e1n tener una temporada invernal.<\/strong><br><strong>\u00abHoy no est\u00e1 restringida la circulaci\u00f3n, no est\u00e1 restringida la actividad hotelera en general, s\u00ed con protocolos. No est\u00e1 restringida la actividad gastron\u00f3mica, s\u00ed con horarios y con protocolos. Esas son las circunstancias actuales y es lo que vamos a seguir manteniendo\u00bb<\/strong>, confirm\u00f3 Bianco.<br>El \u00fanico impedimento ser\u00e1 una situaci\u00f3n epidemiol\u00f3gica de \u00abalto riesgo\u00bb por la pandemia de coronavirus. Es decir, aquellos municipios que tengan m\u00e1s de 500 casos cada 100.000 habitantes, seg\u00fan los par\u00e1metros impuestos por el Gobierno Nacional.<br>\u00ab<strong>Tenemos algunos distritos que est\u00e1n muy complicados todav\u00eda, en fase 2 y con much\u00edsima incidencia<\/strong>. Hay distritos del interior de la provincia de Buenos Aires, destinos tur\u00edsticos adem\u00e1s, que est\u00e1n con una incidencia de 1.610 casos\u00bb, se\u00f1al\u00f3 Bianco. En caso de que mantengan esa situaci\u00f3n, deber\u00e1n aplicar las mayores restricciones.<\/p>\n","protected":false},"excerpt":{"rendered":"<p>La Provincia confirm\u00f3 que el turismo estar\u00e1 permitido en las vacaciones de invierno, que ser\u00e1 las \u00faltimas dos semanas de julio, del 19 al 30 de ese mes. Se acercan las\u00a0vacaciones\u00a0de invierno\u00a0en la provincia de Buenos Aires y desde la gesti\u00f3n de\u00a0Axel Kicillof\u00a0brindaron precisiones respecto a\u00a0cu\u00e1ndo ser\u00e1n y qu\u00e9 actividades estar\u00e1n permitidas\u00a0en el marco de [&hellip;]<\/p>\n","protected":false},"author":4,"featured_media":94610,"comment_status":"open","ping_status":"closed","sticky":false,"template":"","format":"standard","meta":{"om_disable_all_campaigns":false,"_jetpack_memberships_contains_paid_content":false,"footnotes":""},"categories":[621],"tags":[],"class_list":["post-94609","post","type-post","status-publish","format-standard","has-post-thumbnail","hentry","category-regionales"],"aioseo_notices":[],"gutentor_comment":0,"jetpack_featured_media_url":"https:\/\/eldiariodesanpedro.com.ar\/sitio\/wp-content\/uploads\/2021\/06\/tandil-vacaciones-inviernopng.png","jetpack_shortlink":"https:\/\/wp.me\/p6RhLt-oBX","jetpack_sharing_enabled":true,"_links":{"self":[{"href":"https:\/\/eldiariodesanpedro.com.ar\/sitio\/wp-json\/wp\/v2\/posts\/94609","targetHints":{"allow":["GET"]}}],"collection":[{"href":"https:\/\/eldiariodesanpedro.com.ar\/sitio\/wp-json\/wp\/v2\/posts"}],"about":[{"href":"https:\/\/eldiariodesanpedro.com.ar\/sitio\/wp-json\/wp\/v2\/types\/post"}],"author":[{"embeddable":true,"href":"https:\/\/eldiariodesanpedro.com.ar\/sitio\/wp-json\/wp\/v2\/users\/4"}],"replies":[{"embeddable":true,"href":"https:\/\/eldiariodesanpedro.com.ar\/sitio\/wp-json\/wp\/v2\/comments?post=94609"}],"version-history":[{"count":1,"href":"https:\/\/eldiariodesanpedro.com.ar\/sitio\/wp-json\/wp\/v2\/posts\/94609\/revisions"}],"predecessor-version":[{"id":94611,"href":"https:\/\/eldiariodesanpedro.com.ar\/sitio\/wp-json\/wp\/v2\/posts\/94609\/revisions\/94611"}],"wp:featuredmedia":[{"embeddable":true,"href":"https:\/\/eldiariodesanpedro.com.ar\/sitio\/wp-json\/wp\/v2\/media\/94610"}],"wp:attachment":[{"href":"https:\/\/eldiariodesanpedro.com.ar\/sitio\/wp-json\/wp\/v2\/media?parent=94609"}],"wp:term":[{"taxonomy":"category","embeddable":true,"href":"https:\/\/eldiariodesanpedro.com.ar\/sitio\/wp-json\/wp\/v2\/categories?post=94609"},{"taxonomy":"post_tag","embeddable":true,"href":"https:\/\/eldiariodesanpedro.com.ar\/sitio\/wp-json\/wp\/v2\/tags?post=94609"}],"curies":[{"name":"wp","href":"https:\/\/api.w.org\/{rel}","templated":true}]}}