{"id":94607,"date":"2021-06-23T11:38:39","date_gmt":"2021-06-23T14:38:39","guid":{"rendered":"https:\/\/eldiariodesanpedro.com.ar\/sitio\/?p=94607"},"modified":"2021-06-23T12:51:55","modified_gmt":"2021-06-23T15:51:55","slug":"se-busca-a-dos-jovenes-que-se-fueron-de-la-comunidad-los-naranjos","status":"publish","type":"post","link":"https:\/\/eldiariodesanpedro.com.ar\/sitio\/se-busca-a-dos-jovenes-que-se-fueron-de-la-comunidad-los-naranjos\/","title":{"rendered":"Se busca a dos j\u00f3venes que se fueron de la comunidad \u00abLos Naranjos\u00bb"},"content":{"rendered":"<!-- VideographyWP Plugin Message: Automatic video embedding prevented by plugin options. -->\n\n<p>&nbsp;Ayer a horas de la noche se recibi\u00f3 una denuncia por parte de una empleada de la&nbsp; Comunidad Terap\u00e9utica \u201cLos Naranjos\u201d,&nbsp; dando manifiesta el abandono voluntario de un&nbsp; tratamiento por adicciones de una joven Averanga Jenifer de 15 a\u00f1os oriunda de General Pueyrred\u00f3n, quien vest\u00eda buzo color negro liso de algod\u00f3n, una calza color negra lisa y calzado tipo Cross, la menor mide alrededor de 1,50 mts aproximadamente de estatura, tez oscura, cabello largo lacio negro corto, ojos&nbsp; marrones, contextura f\u00edsica robusta.<\/p>\n\n\n\n<p>Adem\u00e1s tambi\u00e9n se fue de la comunidad Artaza Andrea de 16 a\u00f1os con domicilio en Mar del Plata vest\u00eda saco simil tela pa\u00f1o color negro, pantal\u00f3n de jean claro roto en gran parte, calza color negra , se ignora calzado, de 1,55 aproximadamente, tez blanca, cabello casta\u00f1o lacio largo a la altura de los hombros y flequillo, ojos&nbsp; marrones, contextura f\u00edsica delgada.&nbsp;<\/p>\n\n\n\n<p>Se iniciaron actuaciones con intervenci\u00f3n de la fiscal\u00eda local, en ambas j\u00f3venes se carece de fotograf\u00edas, se recorrieron Terminal de \u00f3mnibus, estaci\u00f3n de trenes, ingresos y egresos a la ciudad, diferentes centros asistenciales sin resultados.&nbsp;<\/p>\n\n\n\n<p>Se solicita la colaboraci\u00f3n a la ciudad de San Pedro para dar con el paradero de las mismas, comunicarse al 911 servicio de emergencias o a los tel\u00e9fonos 425788\/25221\/422954.<\/p>\n\n\n\n<figure class=\"wp-block-image size-large\"><img decoding=\"async\" width=\"1000\" height=\"564\" data-attachment-id=\"94616\" data-permalink=\"https:\/\/eldiariodesanpedro.com.ar\/sitio\/se-busca-a-dos-jovenes-que-se-fueron-de-la-comunidad-los-naranjos\/sin-titulo-1-19-2\/\" data-orig-file=\"https:\/\/eldiariodesanpedro.com.ar\/sitio\/wp-content\/uploads\/2021\/06\/Sin-titulo-1-19.jpg\" data-orig-size=\"1000,564\" data-comments-opened=\"1\" data-image-meta=\"{&quot;aperture&quot;:&quot;0&quot;,&quot;credit&quot;:&quot;Usuario&quot;,&quot;camera&quot;:&quot;&quot;,&quot;caption&quot;:&quot;&quot;,&quot;created_timestamp&quot;:&quot;1623954700&quot;,&quot;copyright&quot;:&quot;&quot;,&quot;focal_length&quot;:&quot;0&quot;,&quot;iso&quot;:&quot;0&quot;,&quot;shutter_speed&quot;:&quot;0&quot;,&quot;title&quot;:&quot;&quot;,&quot;orientation&quot;:&quot;0&quot;}\" data-image-title=\"Sin-titulo-1-19\" data-image-description=\"\" data-image-caption=\"\" data-large-file=\"https:\/\/eldiariodesanpedro.com.ar\/sitio\/wp-content\/uploads\/2021\/06\/Sin-titulo-1-19.jpg\" data-src=\"https:\/\/eldiariodesanpedro.com.ar\/sitio\/wp-content\/uploads\/2021\/06\/Sin-titulo-1-19.jpg\" alt=\"\" class=\"wp-image-94616 lazyload\" data-srcset=\"https:\/\/eldiariodesanpedro.com.ar\/sitio\/wp-content\/uploads\/2021\/06\/Sin-titulo-1-19.jpg 1000w, https:\/\/eldiariodesanpedro.com.ar\/sitio\/wp-content\/uploads\/2021\/06\/Sin-titulo-1-19-300x169.jpg 300w, https:\/\/eldiariodesanpedro.com.ar\/sitio\/wp-content\/uploads\/2021\/06\/Sin-titulo-1-19-768x433.jpg 768w, https:\/\/eldiariodesanpedro.com.ar\/sitio\/wp-content\/uploads\/2021\/06\/Sin-titulo-1-19-800x450.jpg 800w\" data-sizes=\"(max-width: 1000px) 100vw, 1000px\" src=\"data:image\/svg+xml;base64,PHN2ZyB3aWR0aD0iMSIgaGVpZ2h0PSIxIiB4bWxucz0iaHR0cDovL3d3dy53My5vcmcvMjAwMC9zdmciPjwvc3ZnPg==\" style=\"--smush-placeholder-width: 1000px; --smush-placeholder-aspect-ratio: 1000\/564;\" \/><\/figure>\n","protected":false},"excerpt":{"rendered":"<p>&nbsp;Ayer a horas de la noche se recibi\u00f3 una denuncia por parte de una empleada de la&nbsp; Comunidad Terap\u00e9utica \u201cLos Naranjos\u201d,&nbsp; dando manifiesta el abandono voluntario de un&nbsp; tratamiento por adicciones de una joven Averanga Jenifer de 15 a\u00f1os oriunda de General Pueyrred\u00f3n, quien vest\u00eda buzo color negro liso de algod\u00f3n, una calza color negra [&hellip;]<\/p>\n","protected":false},"author":4,"featured_media":45394,"comment_status":"open","ping_status":"closed","sticky":false,"template":"","format":"standard","meta":{"om_disable_all_campaigns":false,"_jetpack_memberships_contains_paid_content":false,"footnotes":""},"categories":[101,2],"tags":[],"class_list":["post-94607","post","type-post","status-publish","format-standard","has-post-thumbnail","hentry","category-interes-general-locales","category-locales"],"aioseo_notices":[],"gutentor_comment":0,"jetpack_featured_media_url":"https:\/\/eldiariodesanpedro.com.ar\/sitio\/wp-content\/uploads\/2019\/01\/comisaria.jpg","jetpack_shortlink":"https:\/\/wp.me\/p6RhLt-oBV","jetpack_sharing_enabled":true,"_links":{"self":[{"href":"https:\/\/eldiariodesanpedro.com.ar\/sitio\/wp-json\/wp\/v2\/posts\/94607","targetHints":{"allow":["GET"]}}],"collection":[{"href":"https:\/\/eldiariodesanpedro.com.ar\/sitio\/wp-json\/wp\/v2\/posts"}],"about":[{"href":"https:\/\/eldiariodesanpedro.com.ar\/sitio\/wp-json\/wp\/v2\/types\/post"}],"author":[{"embeddable":true,"href":"https:\/\/eldiariodesanpedro.com.ar\/sitio\/wp-json\/wp\/v2\/users\/4"}],"replies":[{"embeddable":true,"href":"https:\/\/eldiariodesanpedro.com.ar\/sitio\/wp-json\/wp\/v2\/comments?post=94607"}],"version-history":[{"count":2,"href":"https:\/\/eldiariodesanpedro.com.ar\/sitio\/wp-json\/wp\/v2\/posts\/94607\/revisions"}],"predecessor-version":[{"id":94617,"href":"https:\/\/eldiariodesanpedro.com.ar\/sitio\/wp-json\/wp\/v2\/posts\/94607\/revisions\/94617"}],"wp:featuredmedia":[{"embeddable":true,"href":"https:\/\/eldiariodesanpedro.com.ar\/sitio\/wp-json\/wp\/v2\/media\/45394"}],"wp:attachment":[{"href":"https:\/\/eldiariodesanpedro.com.ar\/sitio\/wp-json\/wp\/v2\/media?parent=94607"}],"wp:term":[{"taxonomy":"category","embeddable":true,"href":"https:\/\/eldiariodesanpedro.com.ar\/sitio\/wp-json\/wp\/v2\/categories?post=94607"},{"taxonomy":"post_tag","embeddable":true,"href":"https:\/\/eldiariodesanpedro.com.ar\/sitio\/wp-json\/wp\/v2\/tags?post=94607"}],"curies":[{"name":"wp","href":"https:\/\/api.w.org\/{rel}","templated":true}]}}