{"id":94605,"date":"2021-06-23T11:21:09","date_gmt":"2021-06-23T14:21:09","guid":{"rendered":"https:\/\/eldiariodesanpedro.com.ar\/sitio\/?p=94605"},"modified":"2021-06-23T11:21:14","modified_gmt":"2021-06-23T14:21:14","slug":"un-menor-herido-en-accidente-de-transito","status":"publish","type":"post","link":"https:\/\/eldiariodesanpedro.com.ar\/sitio\/un-menor-herido-en-accidente-de-transito\/","title":{"rendered":"Un menor herido en accidente de transito"},"content":{"rendered":"<!-- VideographyWP Plugin Message: Automatic video embedding prevented by plugin options. -->\n\n<p>En el dia de ayer martes en horas de la tarde, el personal policial, se hace presente Bvard Moreno y 25 de mayo , donde por cuestiones que se trata de establecer se produjo un accidente por parte de un ciudadano de 16 a\u00f1os, quien conduc\u00eda motocicleta, impacta con camioneta conducida por ciudadano de 52 a\u00f1os.&nbsp;<\/p>\n\n\n\n<p>El conductor del veh\u00edculo menor fue trasladado al nosocomio local por ambulancia SAME, lesiones leves, posterior alta m\u00e9dica. Interviene UFI N\u00b0 05&nbsp;<\/p>\n","protected":false},"excerpt":{"rendered":"<p>En el dia de ayer martes en horas de la tarde, el personal policial, se hace presente Bvard Moreno y 25 de mayo , donde por cuestiones que se trata de establecer se produjo un accidente por parte de un ciudadano de 16 a\u00f1os, quien conduc\u00eda motocicleta, impacta con camioneta conducida por ciudadano de 52 [&hellip;]<\/p>\n","protected":false},"author":4,"featured_media":79665,"comment_status":"open","ping_status":"closed","sticky":false,"template":"","format":"standard","meta":{"om_disable_all_campaigns":false,"_jetpack_memberships_contains_paid_content":false,"footnotes":""},"categories":[2,103],"tags":[],"class_list":["post-94605","post","type-post","status-publish","format-standard","has-post-thumbnail","hentry","category-locales","category-policiales-locales"],"aioseo_notices":[],"gutentor_comment":0,"jetpack_featured_media_url":"https:\/\/eldiariodesanpedro.com.ar\/sitio\/wp-content\/uploads\/2020\/08\/AMBULANCIA-SAME-EMERGENCIA-2-143972_600x315.jpg","jetpack_shortlink":"https:\/\/wp.me\/p6RhLt-oBT","jetpack_sharing_enabled":true,"_links":{"self":[{"href":"https:\/\/eldiariodesanpedro.com.ar\/sitio\/wp-json\/wp\/v2\/posts\/94605","targetHints":{"allow":["GET"]}}],"collection":[{"href":"https:\/\/eldiariodesanpedro.com.ar\/sitio\/wp-json\/wp\/v2\/posts"}],"about":[{"href":"https:\/\/eldiariodesanpedro.com.ar\/sitio\/wp-json\/wp\/v2\/types\/post"}],"author":[{"embeddable":true,"href":"https:\/\/eldiariodesanpedro.com.ar\/sitio\/wp-json\/wp\/v2\/users\/4"}],"replies":[{"embeddable":true,"href":"https:\/\/eldiariodesanpedro.com.ar\/sitio\/wp-json\/wp\/v2\/comments?post=94605"}],"version-history":[{"count":1,"href":"https:\/\/eldiariodesanpedro.com.ar\/sitio\/wp-json\/wp\/v2\/posts\/94605\/revisions"}],"predecessor-version":[{"id":94606,"href":"https:\/\/eldiariodesanpedro.com.ar\/sitio\/wp-json\/wp\/v2\/posts\/94605\/revisions\/94606"}],"wp:featuredmedia":[{"embeddable":true,"href":"https:\/\/eldiariodesanpedro.com.ar\/sitio\/wp-json\/wp\/v2\/media\/79665"}],"wp:attachment":[{"href":"https:\/\/eldiariodesanpedro.com.ar\/sitio\/wp-json\/wp\/v2\/media?parent=94605"}],"wp:term":[{"taxonomy":"category","embeddable":true,"href":"https:\/\/eldiariodesanpedro.com.ar\/sitio\/wp-json\/wp\/v2\/categories?post=94605"},{"taxonomy":"post_tag","embeddable":true,"href":"https:\/\/eldiariodesanpedro.com.ar\/sitio\/wp-json\/wp\/v2\/tags?post=94605"}],"curies":[{"name":"wp","href":"https:\/\/api.w.org\/{rel}","templated":true}]}}