{"id":94603,"date":"2021-06-23T11:11:29","date_gmt":"2021-06-23T14:11:29","guid":{"rendered":"https:\/\/eldiariodesanpedro.com.ar\/sitio\/?p=94603"},"modified":"2021-06-23T11:11:34","modified_gmt":"2021-06-23T14:11:34","slug":"denuncia-que-le-hackearon-el-whatsapp-y-pidieron-dinero-a-contactos","status":"publish","type":"post","link":"https:\/\/eldiariodesanpedro.com.ar\/sitio\/denuncia-que-le-hackearon-el-whatsapp-y-pidieron-dinero-a-contactos\/","title":{"rendered":"Denuncia que le hackearon el WhatsApp y pidieron dinero a contactos"},"content":{"rendered":"<!-- VideographyWP Plugin Message: Automatic video embedding prevented by plugin options. -->\n\n<p>En la jornada de ayer en horas de la tarde, se recibi\u00f3 una denuncia en la comisar\u00eda local por parte de un ciudadano de 42 a\u00f1os, quien manifest\u00f3 que por motivos de ventas de un autom\u00f3vil, brinda su n\u00famero de celular social Facebook que por tal motivo hackean su WhatsApp y solicitan dinero a sus contactos al momento no lograron estafar a ninguno ya que nadie envi\u00f3 lo solicitado.\u00a0<\/p>\n","protected":false},"excerpt":{"rendered":"<p>En la jornada de ayer en horas de la tarde, se recibi\u00f3 una denuncia en la comisar\u00eda local por parte de un ciudadano de 42 a\u00f1os, quien manifest\u00f3 que por motivos de ventas de un autom\u00f3vil, brinda su n\u00famero de celular social Facebook que por tal motivo hackean su WhatsApp y solicitan dinero a sus [&hellip;]<\/p>\n","protected":false},"author":4,"featured_media":45394,"comment_status":"open","ping_status":"closed","sticky":false,"template":"","format":"standard","meta":{"om_disable_all_campaigns":false,"_jetpack_memberships_contains_paid_content":false,"footnotes":""},"categories":[2,103],"tags":[],"class_list":["post-94603","post","type-post","status-publish","format-standard","has-post-thumbnail","hentry","category-locales","category-policiales-locales"],"aioseo_notices":[],"gutentor_comment":0,"jetpack_featured_media_url":"https:\/\/eldiariodesanpedro.com.ar\/sitio\/wp-content\/uploads\/2019\/01\/comisaria.jpg","jetpack_shortlink":"https:\/\/wp.me\/p6RhLt-oBR","jetpack_sharing_enabled":true,"_links":{"self":[{"href":"https:\/\/eldiariodesanpedro.com.ar\/sitio\/wp-json\/wp\/v2\/posts\/94603","targetHints":{"allow":["GET"]}}],"collection":[{"href":"https:\/\/eldiariodesanpedro.com.ar\/sitio\/wp-json\/wp\/v2\/posts"}],"about":[{"href":"https:\/\/eldiariodesanpedro.com.ar\/sitio\/wp-json\/wp\/v2\/types\/post"}],"author":[{"embeddable":true,"href":"https:\/\/eldiariodesanpedro.com.ar\/sitio\/wp-json\/wp\/v2\/users\/4"}],"replies":[{"embeddable":true,"href":"https:\/\/eldiariodesanpedro.com.ar\/sitio\/wp-json\/wp\/v2\/comments?post=94603"}],"version-history":[{"count":1,"href":"https:\/\/eldiariodesanpedro.com.ar\/sitio\/wp-json\/wp\/v2\/posts\/94603\/revisions"}],"predecessor-version":[{"id":94604,"href":"https:\/\/eldiariodesanpedro.com.ar\/sitio\/wp-json\/wp\/v2\/posts\/94603\/revisions\/94604"}],"wp:featuredmedia":[{"embeddable":true,"href":"https:\/\/eldiariodesanpedro.com.ar\/sitio\/wp-json\/wp\/v2\/media\/45394"}],"wp:attachment":[{"href":"https:\/\/eldiariodesanpedro.com.ar\/sitio\/wp-json\/wp\/v2\/media?parent=94603"}],"wp:term":[{"taxonomy":"category","embeddable":true,"href":"https:\/\/eldiariodesanpedro.com.ar\/sitio\/wp-json\/wp\/v2\/categories?post=94603"},{"taxonomy":"post_tag","embeddable":true,"href":"https:\/\/eldiariodesanpedro.com.ar\/sitio\/wp-json\/wp\/v2\/tags?post=94603"}],"curies":[{"name":"wp","href":"https:\/\/api.w.org\/{rel}","templated":true}]}}